{"id":11275,"date":"2024-01-07T09:12:59","date_gmt":"2024-01-07T08:12:59","guid":{"rendered":"https:\/\/locations-06.fr\/festivals-activities-events-and-festivities-on-the-cote-dazur-in-june\/"},"modified":"2026-04-28T21:31:01","modified_gmt":"2026-04-28T19:31:01","slug":"festivals-activities-events-and-festivities-on-the-cote-dazur-in-june","status":"publish","type":"post","link":"https:\/\/locations-06.fr\/en\/festivals-activities-events-and-festivities-on-the-cote-dazur-in-june\/","title":{"rendered":"Festivals &#8211; Activities, events and festivities on the C\u00f4te d&#8217;Azur in June"},"content":{"rendered":"\t\t<div data-elementor-type=\"wp-post\" data-elementor-id=\"11275\" class=\"elementor elementor-11275 elementor-2584\">\n\t\t\t\t<div class=\"elementor-element elementor-element-26d2712 e-flex e-con-boxed e-con e-parent\" data-id=\"26d2712\" data-element_type=\"container\" data-e-type=\"container\">\n\t\t\t\t\t<div class=\"e-con-inner\">\n\t\t\t\t<div class=\"elementor-element elementor-element-895889a elementor-widget elementor-widget-text-editor\" data-id=\"895889a\" data-element_type=\"widget\" data-e-type=\"widget\" data-widget_type=\"text-editor.default\">\n\t\t\t\t<div class=\"elementor-widget-container\">\n\t\t\t\t\t\t\t\t\t<p>Celebrations &#8211; Activities<\/p>\t\t\t\t\t\t\t\t<\/div>\n\t\t\t\t<\/div>\n\t\t\t\t\t<\/div>\n\t\t\t\t<\/div>\n\t\t<div class=\"elementor-element elementor-element-57b3341 e-flex e-con-boxed e-con e-parent\" data-id=\"57b3341\" data-element_type=\"container\" data-e-type=\"container\">\n\t\t\t\t\t<div class=\"e-con-inner\">\n\t\t\t\t<div class=\"elementor-element elementor-element-dbe950a elementor-widget elementor-widget-text-editor\" data-id=\"dbe950a\" data-element_type=\"widget\" data-e-type=\"widget\" data-widget_type=\"text-editor.default\">\n\t\t\t\t<div class=\"elementor-widget-container\">\n\t\t\t\t\t\t\t\t\t<h2 style=\"text-align: center; font-size: 20px; font-weight: 600; font-family: 'Courgette',handwriting;\">All June events on the C\u00f4te d&#8217;Azur<\/h2>\t\t\t\t\t\t\t\t<\/div>\n\t\t\t\t<\/div>\n\t\t\t\t\t<\/div>\n\t\t\t\t<\/div>\n\t\t<div class=\"elementor-element elementor-element-c309fb1 e-con-full e-flex e-con e-parent\" data-id=\"c309fb1\" data-element_type=\"container\" data-e-type=\"container\">\n\t\t<div class=\"elementor-element elementor-element-f379099 e-con-full e-flex e-con e-child\" data-id=\"f379099\" data-element_type=\"container\" data-e-type=\"container\">\n\t\t\t\t<div class=\"elementor-element elementor-element-dc76518 elementor-position-top elementor-widget elementor-widget-image-box\" data-id=\"dc76518\" data-element_type=\"widget\" data-e-type=\"widget\" data-widget_type=\"image-box.default\">\n\t\t\t\t<div class=\"elementor-widget-container\">\n\t\t\t\t\t<div class=\"elementor-image-box-wrapper\"><figure class=\"elementor-image-box-img\"><img fetchpriority=\"high\" decoding=\"async\" width=\"652\" height=\"958\" src=\"https:\/\/locations-06.fr\/wp-content\/uploads\/festival-commedia-dell-arte-nice-theatre-spectacles-agenda-cote-d-azur-2025.jpg\" class=\"attachment-full size-full wp-image-20267\" alt=\"\" srcset=\"https:\/\/locations-06.fr\/wp-content\/uploads\/festival-commedia-dell-arte-nice-theatre-spectacles-agenda-cote-d-azur-2025.jpg 652w, https:\/\/locations-06.fr\/wp-content\/uploads\/festival-commedia-dell-arte-nice-theatre-spectacles-agenda-cote-d-azur-2025-204x300.jpg 204w\" sizes=\"(max-width: 652px) 100vw, 652px\" \/><\/figure><div class=\"elementor-image-box-content\"><h3 class=\"elementor-image-box-title\">11<sup>th<\/sup> commedia dell'arte festival<\/h3><p class=\"elementor-image-box-description\"><h3 class=\"h3-ville\">Nice<\/br>&nbsp;<\/h3>\nJune-July 2026<\/p><\/div><\/div>\t\t\t\t<\/div>\n\t\t\t\t<\/div>\n\t\t\t\t<\/div>\n\t\t<div class=\"elementor-element elementor-element-0066b63 e-con-full e-flex e-con e-child\" data-id=\"0066b63\" data-element_type=\"container\" data-e-type=\"container\">\n\t\t\t\t<div class=\"elementor-element elementor-element-9e3f925 elementor-position-top elementor-widget elementor-widget-image-box\" data-id=\"9e3f925\" data-element_type=\"widget\" data-e-type=\"widget\" data-widget_type=\"image-box.default\">\n\t\t\t\t<div class=\"elementor-widget-container\">\n\t\t\t\t\t<div class=\"elementor-image-box-wrapper\"><figure class=\"elementor-image-box-img\"><img decoding=\"async\" width=\"800\" height=\"780\" src=\"https:\/\/locations-06.fr\/wp-content\/uploads\/mercantour-classic-course-cycliste-uci-agenda-evenements-cote-d-azur.jpg\" class=\"attachment-full size-full wp-image-8572\" alt=\"\" srcset=\"https:\/\/locations-06.fr\/wp-content\/uploads\/mercantour-classic-course-cycliste-uci-agenda-evenements-cote-d-azur.jpg 800w, https:\/\/locations-06.fr\/wp-content\/uploads\/mercantour-classic-course-cycliste-uci-agenda-evenements-cote-d-azur-300x293.jpg 300w, https:\/\/locations-06.fr\/wp-content\/uploads\/mercantour-classic-course-cycliste-uci-agenda-evenements-cote-d-azur-768x749.jpg 768w\" sizes=\"(max-width: 800px) 100vw, 800px\" \/><\/figure><div class=\"elementor-image-box-content\"><h3 class=\"elementor-image-box-title\">Mercan'tour classic<\/br>&nbsp;<\/h3><p class=\"elementor-image-box-description\"><h3 class=\"h3-ville\">Valberg<\/br>&nbsp;<\/h3>\nJUne 3, 2026<\/p><\/div><\/div>\t\t\t\t<\/div>\n\t\t\t\t<\/div>\n\t\t\t\t<\/div>\n\t\t<div class=\"elementor-element elementor-element-e56897e e-con-full e-flex e-con e-child\" data-id=\"e56897e\" data-element_type=\"container\" data-e-type=\"container\">\n\t\t\t\t<div class=\"elementor-element elementor-element-cb0523d elementor-position-top elementor-widget elementor-widget-image-box\" data-id=\"cb0523d\" data-element_type=\"widget\" data-e-type=\"widget\" data-widget_type=\"image-box.default\">\n\t\t\t\t<div class=\"elementor-widget-container\">\n\t\t\t\t\t<div class=\"elementor-image-box-wrapper\"><figure class=\"elementor-image-box-img\"><img decoding=\"async\" width=\"724\" height=\"1024\" src=\"https:\/\/locations-06.fr\/wp-content\/uploads\/nocturnes-piano-cagnes-festival-concerts-spectacle-agenda-cote-d-azur-2025.jpg\" class=\"attachment-full size-full wp-image-20285\" alt=\"\" srcset=\"https:\/\/locations-06.fr\/wp-content\/uploads\/nocturnes-piano-cagnes-festival-concerts-spectacle-agenda-cote-d-azur-2025.jpg 724w, https:\/\/locations-06.fr\/wp-content\/uploads\/nocturnes-piano-cagnes-festival-concerts-spectacle-agenda-cote-d-azur-2025-212x300.jpg 212w\" sizes=\"(max-width: 724px) 100vw, 724px\" \/><\/figure><div class=\"elementor-image-box-content\"><h3 class=\"elementor-image-box-title\">Piano nocturnes<\/br>&nbsp;<\/h3><p class=\"elementor-image-box-description\"><h3 class=\"h3-ville\">Cagnes sur Mer<\/br>&nbsp;<\/h3>\nJune-July 2026<\/p><\/div><\/div>\t\t\t\t<\/div>\n\t\t\t\t<\/div>\n\t\t\t\t<\/div>\n\t\t<div class=\"elementor-element elementor-element-7c88a55 e-con-full e-flex e-con e-child\" data-id=\"7c88a55\" data-element_type=\"container\" data-e-type=\"container\">\n\t\t\t\t<div class=\"elementor-element elementor-element-82624de elementor-position-top elementor-widget elementor-widget-image-box\" data-id=\"82624de\" data-element_type=\"widget\" data-e-type=\"widget\" data-widget_type=\"image-box.default\">\n\t\t\t\t<div class=\"elementor-widget-container\">\n\t\t\t\t\t<div class=\"elementor-image-box-wrapper\"><figure class=\"elementor-image-box-img\"><img decoding=\"async\" src=\"https:\/\/locations-06.fr\/wp-content\/uploads\/fete-st-faineant-mandelieu-traditions-folklore-festivites-sorties-famille-agenda-06.jpg\" title=\"\" alt=\"\u00c9v\u00e8nements \u2013 activit\u00e9s F\u00eate de la Saint Fain\u00e9ant\" loading=\"lazy\" \/><\/figure><div class=\"elementor-image-box-content\"><h3 class=\"elementor-image-box-title\">Saint Fain\u00e9ant's Day<\/br>&nbsp;<\/h3><p class=\"elementor-image-box-description\"><h3 class=\"h3-ville\">Mandelieu-La Napoule<\/br>&nbsp;<\/h3>\nJune 2026<\/p><\/div><\/div>\t\t\t\t<\/div>\n\t\t\t\t<\/div>\n\t\t\t\t<\/div>\n\t\t<div class=\"elementor-element elementor-element-bf8c949 e-con-full e-flex e-con e-child\" data-id=\"bf8c949\" data-element_type=\"container\" data-e-type=\"container\">\n\t\t\t\t<div class=\"elementor-element elementor-element-a5ba265 elementor-position-top elementor-widget elementor-widget-image-box\" data-id=\"a5ba265\" data-element_type=\"widget\" data-e-type=\"widget\" data-widget_type=\"image-box.default\">\n\t\t\t\t<div class=\"elementor-widget-container\">\n\t\t\t\t\t<div class=\"elementor-image-box-wrapper\"><figure class=\"elementor-image-box-img\"><img loading=\"lazy\" decoding=\"async\" width=\"600\" height=\"600\" src=\"https:\/\/locations-06.fr\/wp-content\/uploads\/fete-mer-littoraux-manifestations-evenements-nature-agenda-theoule-cote-d-azur-2025.jpg\" class=\"attachment-full size-full wp-image-18168\" alt=\"\" srcset=\"https:\/\/locations-06.fr\/wp-content\/uploads\/fete-mer-littoraux-manifestations-evenements-nature-agenda-theoule-cote-d-azur-2025.jpg 600w, https:\/\/locations-06.fr\/wp-content\/uploads\/fete-mer-littoraux-manifestations-evenements-nature-agenda-theoule-cote-d-azur-2025-300x300.jpg 300w, https:\/\/locations-06.fr\/wp-content\/uploads\/fete-mer-littoraux-manifestations-evenements-nature-agenda-theoule-cote-d-azur-2025-150x150.jpg 150w\" sizes=\"(max-width: 600px) 100vw, 600px\" \/><\/figure><div class=\"elementor-image-box-content\"><h3 class=\"elementor-image-box-title\">F\u00eate de la mer et des littoraux<\/h3><p class=\"elementor-image-box-description\"><h3 class=\"h3-ville\">Seaside of the<\/br>Alpes-Maritimes<\/h3>\nJune-July 2026<\/p><\/div><\/div>\t\t\t\t<\/div>\n\t\t\t\t<\/div>\n\t\t\t\t<\/div>\n\t\t<div class=\"elementor-element elementor-element-c4f8288 e-con-full e-flex e-con e-child\" data-id=\"c4f8288\" data-element_type=\"container\" data-e-type=\"container\">\n\t\t\t\t<div class=\"elementor-element elementor-element-b296a8e elementor-position-top elementor-widget elementor-widget-image-box\" data-id=\"b296a8e\" data-element_type=\"widget\" data-e-type=\"widget\" data-widget_type=\"image-box.default\">\n\t\t\t\t<div class=\"elementor-widget-container\">\n\t\t\t\t\t<div class=\"elementor-image-box-wrapper\"><figure class=\"elementor-image-box-img\"><img loading=\"lazy\" decoding=\"async\" width=\"600\" height=\"600\" src=\"https:\/\/locations-06.fr\/wp-content\/uploads\/festival-nuits-carrees-antibes-concerts-spectacles-cote-dazur-agenda.jpg\" class=\"attachment-full size-full wp-image-29047\" alt=\"\" srcset=\"https:\/\/locations-06.fr\/wp-content\/uploads\/festival-nuits-carrees-antibes-concerts-spectacles-cote-dazur-agenda.jpg 600w, https:\/\/locations-06.fr\/wp-content\/uploads\/festival-nuits-carrees-antibes-concerts-spectacles-cote-dazur-agenda-300x300.jpg 300w\" sizes=\"(max-width: 600px) 100vw, 600px\" \/><\/figure><div class=\"elementor-image-box-content\"><h3 class=\"elementor-image-box-title\">Les Nuits Carr\u00e9es<\/br>&nbsp;<\/h3><p class=\"elementor-image-box-description\"><h3 class=\"h3-ville\">Antibes<\/br>&nbsp;<\/h3>\nJune 17 to 19, 2026<\/p><\/div><\/div>\t\t\t\t<\/div>\n\t\t\t\t<\/div>\n\t\t\t\t<\/div>\n\t\t\t\t<\/div>\n\t\t<div class=\"elementor-element elementor-element-09218a5 e-con-full e-flex e-con e-parent\" data-id=\"09218a5\" data-element_type=\"container\" data-e-type=\"container\">\n\t\t<div class=\"elementor-element elementor-element-0b756fa e-con-full e-flex e-con e-child\" data-id=\"0b756fa\" data-element_type=\"container\" data-e-type=\"container\">\n\t\t\t\t<div class=\"elementor-element elementor-element-3f3793d elementor-position-top elementor-widget elementor-widget-image-box\" data-id=\"3f3793d\" data-element_type=\"widget\" data-e-type=\"widget\" data-widget_type=\"image-box.default\">\n\t\t\t\t<div class=\"elementor-widget-container\">\n\t\t\t\t\t<div class=\"elementor-image-box-wrapper\"><figure class=\"elementor-image-box-img\"><img loading=\"lazy\" decoding=\"async\" width=\"600\" height=\"600\" src=\"https:\/\/locations-06.fr\/wp-content\/uploads\/fete-transhumance-guillaumes-traditions-marches-animations-agenda-cote-dazur.jpg\" class=\"attachment-full size-full wp-image-12346\" alt=\"\" srcset=\"https:\/\/locations-06.fr\/wp-content\/uploads\/fete-transhumance-guillaumes-traditions-marches-animations-agenda-cote-dazur.jpg 600w, https:\/\/locations-06.fr\/wp-content\/uploads\/fete-transhumance-guillaumes-traditions-marches-animations-agenda-cote-dazur-300x300.jpg 300w, https:\/\/locations-06.fr\/wp-content\/uploads\/fete-transhumance-guillaumes-traditions-marches-animations-agenda-cote-dazur-150x150.jpg 150w\" sizes=\"(max-width: 600px) 100vw, 600px\" \/><\/figure><div class=\"elementor-image-box-content\"><h3 class=\"elementor-image-box-title\">Transhumance Festival<\/br>&nbsp;<\/h3><p class=\"elementor-image-box-description\"><h3 class=\"h3-ville\">Guillaumes<\/br>&nbsp;<\/h3>\nJune 2026<\/p><\/div><\/div>\t\t\t\t<\/div>\n\t\t\t\t<\/div>\n\t\t\t\t<\/div>\n\t\t<div class=\"elementor-element elementor-element-9384138 e-con-full e-flex e-con e-child\" data-id=\"9384138\" data-element_type=\"container\" data-e-type=\"container\">\n\t\t\t\t<div class=\"elementor-element elementor-element-c7a90cf elementor-position-top elementor-widget elementor-widget-image-box\" data-id=\"c7a90cf\" data-element_type=\"widget\" data-e-type=\"widget\" data-widget_type=\"image-box.default\">\n\t\t\t\t<div class=\"elementor-widget-container\">\n\t\t\t\t\t<div class=\"elementor-image-box-wrapper\"><figure class=\"elementor-image-box-img\"><img loading=\"lazy\" decoding=\"async\" width=\"300\" height=\"300\" src=\"https:\/\/locations-06.fr\/wp-content\/uploads\/soirees-estivales-concerts-spectacles-agenda-cote-d-azur.jpg\" class=\"attachment-full size-full wp-image-8628\" alt=\"\" srcset=\"https:\/\/locations-06.fr\/wp-content\/uploads\/soirees-estivales-concerts-spectacles-agenda-cote-d-azur.jpg 300w, https:\/\/locations-06.fr\/wp-content\/uploads\/soirees-estivales-concerts-spectacles-agenda-cote-d-azur-150x150.jpg 150w\" sizes=\"(max-width: 300px) 100vw, 300px\" \/><\/figure><div class=\"elementor-image-box-content\"><h3 class=\"elementor-image-box-title\">Les Soir\u00e9es Estivales<\/br>&nbsp;<\/h3><p class=\"elementor-image-box-description\"><h3 class=\"h3-ville\">All over the Alpes-Maritimes<\/h3>\nJune to September 2026<\/p><\/div><\/div>\t\t\t\t<\/div>\n\t\t\t\t<\/div>\n\t\t\t\t<\/div>\n\t\t<div class=\"elementor-element elementor-element-faf0da3 e-con-full e-flex e-con e-child\" data-id=\"faf0da3\" data-element_type=\"container\" data-e-type=\"container\">\n\t\t\t\t<div class=\"elementor-element elementor-element-5040233 elementor-position-top elementor-widget elementor-widget-image-box\" data-id=\"5040233\" data-element_type=\"widget\" data-e-type=\"widget\" data-widget_type=\"image-box.default\">\n\t\t\t\t<div class=\"elementor-widget-container\">\n\t\t\t\t\t<div class=\"elementor-image-box-wrapper\"><figure class=\"elementor-image-box-img\"><img loading=\"lazy\" decoding=\"async\" width=\"962\" height=\"1080\" src=\"https:\/\/locations-06.fr\/wp-content\/uploads\/fete-st-pierre-beaulieu-traditions-folklores-idees-sorties-agenda-06.jpg\" class=\"attachment-full size-full wp-image-8662\" alt=\"\" srcset=\"https:\/\/locations-06.fr\/wp-content\/uploads\/fete-st-pierre-beaulieu-traditions-folklores-idees-sorties-agenda-06.jpg 962w, https:\/\/locations-06.fr\/wp-content\/uploads\/fete-st-pierre-beaulieu-traditions-folklores-idees-sorties-agenda-06-267x300.jpg 267w, https:\/\/locations-06.fr\/wp-content\/uploads\/fete-st-pierre-beaulieu-traditions-folklores-idees-sorties-agenda-06-912x1024.jpg 912w, https:\/\/locations-06.fr\/wp-content\/uploads\/fete-st-pierre-beaulieu-traditions-folklores-idees-sorties-agenda-06-768x862.jpg 768w\" sizes=\"(max-width: 962px) 100vw, 962px\" \/><\/figure><div class=\"elementor-image-box-content\"><h3 class=\"elementor-image-box-title\">Saint Peter's Day<\/br>&nbsp;<\/h3><p class=\"elementor-image-box-description\"><h3 class=\"h3-ville\">Beaulieu sur Mer<\/br>&nbsp;<\/h3>\nJune 2026<\/p><\/div><\/div>\t\t\t\t<\/div>\n\t\t\t\t<\/div>\n\t\t\t\t<\/div>\n\t\t<div class=\"elementor-element elementor-element-d3422cd e-con-full e-flex e-con e-child\" data-id=\"d3422cd\" data-element_type=\"container\" data-e-type=\"container\">\n\t\t\t\t<div class=\"elementor-element elementor-element-aee5747 elementor-position-top elementor-widget elementor-widget-image-box\" data-id=\"aee5747\" data-element_type=\"widget\" data-e-type=\"widget\" data-widget_type=\"image-box.default\">\n\t\t\t\t<div class=\"elementor-widget-container\">\n\t\t\t\t\t<div class=\"elementor-image-box-wrapper\"><figure class=\"elementor-image-box-img\"><img loading=\"lazy\" decoding=\"async\" width=\"1080\" height=\"1080\" src=\"https:\/\/locations-06.fr\/wp-content\/uploads\/valbonne-festival-hippie-boheme-spectacles-agenda-manifestations-evenements-cote-d-azur-agenda-2025.jpg\" class=\"attachment-full size-full wp-image-20310\" alt=\"\" srcset=\"https:\/\/locations-06.fr\/wp-content\/uploads\/valbonne-festival-hippie-boheme-spectacles-agenda-manifestations-evenements-cote-d-azur-agenda-2025.jpg 1080w, https:\/\/locations-06.fr\/wp-content\/uploads\/valbonne-festival-hippie-boheme-spectacles-agenda-manifestations-evenements-cote-d-azur-agenda-2025-300x300.jpg 300w, https:\/\/locations-06.fr\/wp-content\/uploads\/valbonne-festival-hippie-boheme-spectacles-agenda-manifestations-evenements-cote-d-azur-agenda-2025-1024x1024.jpg 1024w, https:\/\/locations-06.fr\/wp-content\/uploads\/valbonne-festival-hippie-boheme-spectacles-agenda-manifestations-evenements-cote-d-azur-agenda-2025-600x600.jpg 600w, https:\/\/locations-06.fr\/wp-content\/uploads\/valbonne-festival-hippie-boheme-spectacles-agenda-manifestations-evenements-cote-d-azur-agenda-2025-768x768.jpg 768w\" sizes=\"(max-width: 1080px) 100vw, 1080px\" \/><\/figure><div class=\"elementor-image-box-content\"><h3 class=\"elementor-image-box-title\">Hippie festival<\/br>&nbsp;<\/h3><p class=\"elementor-image-box-description\"><h3 class=\"h3-ville\">Valbonne<\/br>&nbsp;<\/h3>\nJune 2026<\/p><\/div><\/div>\t\t\t\t<\/div>\n\t\t\t\t<\/div>\n\t\t\t\t<\/div>\n\t\t<div class=\"elementor-element elementor-element-091c550 e-con-full e-flex e-con e-child\" data-id=\"091c550\" data-element_type=\"container\" data-e-type=\"container\">\n\t\t\t\t<div class=\"elementor-element elementor-element-51e3ab7 elementor-position-top elementor-widget elementor-widget-image-box\" data-id=\"51e3ab7\" data-element_type=\"widget\" data-e-type=\"widget\" data-widget_type=\"image-box.default\">\n\t\t\t\t<div class=\"elementor-widget-container\">\n\t\t\t\t\t<div class=\"elementor-image-box-wrapper\"><figure class=\"elementor-image-box-img\"><img loading=\"lazy\" decoding=\"async\" width=\"960\" height=\"1200\" src=\"https:\/\/locations-06.fr\/wp-content\/uploads\/fete-transhumance-bergers-st-etienne-de-tinee-traditions-folklore-sortie-famille-agenda-06-2026.jpg\" class=\"attachment-full size-full wp-image-31398\" alt=\"\" srcset=\"https:\/\/locations-06.fr\/wp-content\/uploads\/fete-transhumance-bergers-st-etienne-de-tinee-traditions-folklore-sortie-famille-agenda-06-2026.jpg 960w, https:\/\/locations-06.fr\/wp-content\/uploads\/fete-transhumance-bergers-st-etienne-de-tinee-traditions-folklore-sortie-famille-agenda-06-2026-240x300.jpg 240w, https:\/\/locations-06.fr\/wp-content\/uploads\/fete-transhumance-bergers-st-etienne-de-tinee-traditions-folklore-sortie-famille-agenda-06-2026-819x1024.jpg 819w, https:\/\/locations-06.fr\/wp-content\/uploads\/fete-transhumance-bergers-st-etienne-de-tinee-traditions-folklore-sortie-famille-agenda-06-2026-768x960.jpg 768w\" sizes=\"(max-width: 960px) 100vw, 960px\" \/><\/figure><div class=\"elementor-image-box-content\"><h3 class=\"elementor-image-box-title\">Festival of transhumance and shepherds<\/h3><p class=\"elementor-image-box-description\"><h3 class=\"h3-ville\">Saint Etienne de Tin\u00e9e<\/br>&nbsp;<\/h3>\nJune 6, 2026<\/p><\/div><\/div>\t\t\t\t<\/div>\n\t\t\t\t<\/div>\n\t\t\t\t<\/div>\n\t\t<div class=\"elementor-element elementor-element-9608893 e-con-full e-flex e-con e-child\" data-id=\"9608893\" data-element_type=\"container\" data-e-type=\"container\">\n\t\t\t\t<div class=\"elementor-element elementor-element-07c64ca elementor-position-top elementor-widget elementor-widget-image-box\" data-id=\"07c64ca\" data-element_type=\"widget\" data-e-type=\"widget\" data-widget_type=\"image-box.default\">\n\t\t\t\t<div class=\"elementor-widget-container\">\n\t\t\t\t\t<div class=\"elementor-image-box-wrapper\"><figure class=\"elementor-image-box-img\"><img loading=\"lazy\" decoding=\"async\" width=\"1798\" height=\"2000\" src=\"https:\/\/locations-06.fr\/wp-content\/uploads\/ironman-thriathlon-nice-cote-d-azur-evenements-agenda-2025.jpg\" class=\"attachment-full size-full wp-image-20302\" alt=\"\" srcset=\"https:\/\/locations-06.fr\/wp-content\/uploads\/ironman-thriathlon-nice-cote-d-azur-evenements-agenda-2025.jpg 1798w, https:\/\/locations-06.fr\/wp-content\/uploads\/ironman-thriathlon-nice-cote-d-azur-evenements-agenda-2025-270x300.jpg 270w, https:\/\/locations-06.fr\/wp-content\/uploads\/ironman-thriathlon-nice-cote-d-azur-evenements-agenda-2025-921x1024.jpg 921w, https:\/\/locations-06.fr\/wp-content\/uploads\/ironman-thriathlon-nice-cote-d-azur-evenements-agenda-2025-768x854.jpg 768w, https:\/\/locations-06.fr\/wp-content\/uploads\/ironman-thriathlon-nice-cote-d-azur-evenements-agenda-2025-1381x1536.jpg 1381w\" sizes=\"(max-width: 1798px) 100vw, 1798px\" \/><\/figure><div class=\"elementor-image-box-content\"><h3 class=\"elementor-image-box-title\">Ironman Triathlon<\/br>&nbsp;<\/h3><p class=\"elementor-image-box-description\"><h3 class=\"h3-ville\">Nice<\/br>&nbsp;<\/h3>\nJune 28, 2026<\/p><\/div><\/div>\t\t\t\t<\/div>\n\t\t\t\t<\/div>\n\t\t\t\t<\/div>\n\t\t\t\t<\/div>\n\t\t<div class=\"elementor-element elementor-element-c9b7484 e-con-full e-flex e-con e-parent\" data-id=\"c9b7484\" data-element_type=\"container\" data-e-type=\"container\">\n\t\t<div class=\"elementor-element elementor-element-77531f7 e-con-full e-flex e-con e-child\" data-id=\"77531f7\" data-element_type=\"container\" data-e-type=\"container\">\n\t\t\t\t<div class=\"elementor-element elementor-element-d17fc44 elementor-position-top elementor-widget elementor-widget-image-box\" data-id=\"d17fc44\" data-element_type=\"widget\" data-e-type=\"widget\" data-widget_type=\"image-box.default\">\n\t\t\t\t<div class=\"elementor-widget-container\">\n\t\t\t\t\t<div class=\"elementor-image-box-wrapper\"><figure class=\"elementor-image-box-img\"><img loading=\"lazy\" decoding=\"async\" width=\"1414\" height=\"2000\" src=\"https:\/\/locations-06.fr\/wp-content\/uploads\/tanneron-fete-patronale-bal-marche-producteur-agenda-cote-dazur-2025.jpg\" class=\"attachment-full size-full wp-image-20326\" alt=\"\" srcset=\"https:\/\/locations-06.fr\/wp-content\/uploads\/tanneron-fete-patronale-bal-marche-producteur-agenda-cote-dazur-2025.jpg 1414w, https:\/\/locations-06.fr\/wp-content\/uploads\/tanneron-fete-patronale-bal-marche-producteur-agenda-cote-dazur-2025-212x300.jpg 212w, https:\/\/locations-06.fr\/wp-content\/uploads\/tanneron-fete-patronale-bal-marche-producteur-agenda-cote-dazur-2025-724x1024.jpg 724w, https:\/\/locations-06.fr\/wp-content\/uploads\/tanneron-fete-patronale-bal-marche-producteur-agenda-cote-dazur-2025-768x1086.jpg 768w, https:\/\/locations-06.fr\/wp-content\/uploads\/tanneron-fete-patronale-bal-marche-producteur-agenda-cote-dazur-2025-1086x1536.jpg 1086w\" sizes=\"(max-width: 1414px) 100vw, 1414px\" \/><\/figure><div class=\"elementor-image-box-content\"><h3 class=\"elementor-image-box-title\">Patronal feast of<\/br>Saint Anthony<\/h3><p class=\"elementor-image-box-description\"><h3 class=\"h3-ville\">Tanneron<\/h3>\nJune 2026<\/p><\/div><\/div>\t\t\t\t<\/div>\n\t\t\t\t<\/div>\n\t\t\t\t<\/div>\n\t\t<div class=\"elementor-element elementor-element-41be026 e-con-full e-flex e-con e-child\" data-id=\"41be026\" data-element_type=\"container\" data-e-type=\"container\">\n\t\t\t\t<div class=\"elementor-element elementor-element-bb1ac22 elementor-position-top elementor-widget elementor-widget-image-box\" data-id=\"bb1ac22\" data-element_type=\"widget\" data-e-type=\"widget\" data-widget_type=\"image-box.default\">\n\t\t\t\t<div class=\"elementor-widget-container\">\n\t\t\t\t\t<div class=\"elementor-image-box-wrapper\"><figure class=\"elementor-image-box-img\"><img loading=\"lazy\" decoding=\"async\" width=\"600\" height=\"849\" src=\"https:\/\/locations-06.fr\/wp-content\/uploads\/fete-patronale-le-rouret-festivites-agenda-cote-d-azur.jpg\" class=\"attachment-full size-full wp-image-8658\" alt=\"\" srcset=\"https:\/\/locations-06.fr\/wp-content\/uploads\/fete-patronale-le-rouret-festivites-agenda-cote-d-azur.jpg 600w, https:\/\/locations-06.fr\/wp-content\/uploads\/fete-patronale-le-rouret-festivites-agenda-cote-d-azur-212x300.jpg 212w\" sizes=\"(max-width: 600px) 100vw, 600px\" \/><\/figure><div class=\"elementor-image-box-content\"><h3 class=\"elementor-image-box-title\">Saint Peter's Day<\/br>&nbsp;<\/h3><p class=\"elementor-image-box-description\"><h3 class=\"h3-ville\">Le Rouret<\/h3>\nJune 2026<\/p><\/div><\/div>\t\t\t\t<\/div>\n\t\t\t\t<\/div>\n\t\t\t\t<\/div>\n\t\t<div class=\"elementor-element elementor-element-dd7d40e e-con-full e-flex e-con e-child\" data-id=\"dd7d40e\" data-element_type=\"container\" data-e-type=\"container\">\n\t\t\t\t<div class=\"elementor-element elementor-element-777519b elementor-position-top elementor-widget elementor-widget-image-box\" data-id=\"777519b\" data-element_type=\"widget\" data-e-type=\"widget\" data-widget_type=\"image-box.default\">\n\t\t\t\t<div class=\"elementor-widget-container\">\n\t\t\t\t\t<div class=\"elementor-image-box-wrapper\"><figure class=\"elementor-image-box-img\"><img loading=\"lazy\" decoding=\"async\" width=\"541\" height=\"800\" src=\"https:\/\/locations-06.fr\/wp-content\/uploads\/fete-anes-escragnolles-traditions-famille-agenda-alpes-maritimes-manifestations.jpg\" class=\"attachment-full size-full wp-image-8638\" alt=\"\" srcset=\"https:\/\/locations-06.fr\/wp-content\/uploads\/fete-anes-escragnolles-traditions-famille-agenda-alpes-maritimes-manifestations.jpg 541w, https:\/\/locations-06.fr\/wp-content\/uploads\/fete-anes-escragnolles-traditions-famille-agenda-alpes-maritimes-manifestations-203x300.jpg 203w\" sizes=\"(max-width: 541px) 100vw, 541px\" \/><\/figure><div class=\"elementor-image-box-content\"><h3 class=\"elementor-image-box-title\">28<sup>th<\/sup> Donkey Festival<\/br>&nbsp;<\/h3><p class=\"elementor-image-box-description\"><h3 class=\"h3-ville\">Escragnolles<\/h3>\nJune 2026<\/p><\/div><\/div>\t\t\t\t<\/div>\n\t\t\t\t<\/div>\n\t\t\t\t<\/div>\n\t\t<div class=\"elementor-element elementor-element-0df2f23 e-con-full e-flex e-con e-child\" data-id=\"0df2f23\" data-element_type=\"container\" data-e-type=\"container\">\n\t\t\t\t<div class=\"elementor-element elementor-element-b15f838 elementor-position-top elementor-widget elementor-widget-image-box\" data-id=\"b15f838\" data-element_type=\"widget\" data-e-type=\"widget\" data-widget_type=\"image-box.default\">\n\t\t\t\t<div class=\"elementor-widget-container\">\n\t\t\t\t\t<div class=\"elementor-image-box-wrapper\"><figure class=\"elementor-image-box-img\"><img loading=\"lazy\" decoding=\"async\" width=\"613\" height=\"884\" src=\"https:\/\/locations-06.fr\/wp-content\/uploads\/deantibulations-antibes-theatre-spectacles-rue-agenda-culturel-cote-d-azur-2026.jpg\" class=\"attachment-full size-full wp-image-31640\" alt=\"\" srcset=\"https:\/\/locations-06.fr\/wp-content\/uploads\/deantibulations-antibes-theatre-spectacles-rue-agenda-culturel-cote-d-azur-2026.jpg 613w, https:\/\/locations-06.fr\/wp-content\/uploads\/deantibulations-antibes-theatre-spectacles-rue-agenda-culturel-cote-d-azur-2026-208x300.jpg 208w\" sizes=\"(max-width: 613px) 100vw, 613px\" \/><\/figure><div class=\"elementor-image-box-content\"><h3 class=\"elementor-image-box-title\">20<sup>th<\/sup> D\u00e9antibulations<\/br>&nbsp;<\/h3><p class=\"elementor-image-box-description\"><h3 class=\"h3-ville\">Antibes<\/h3>\nJune 5 to 7, 2026<\/p><\/div><\/div>\t\t\t\t<\/div>\n\t\t\t\t<\/div>\n\t\t\t\t<\/div>\n\t\t<div class=\"elementor-element elementor-element-0e0dec8 e-con-full e-flex e-con e-child\" data-id=\"0e0dec8\" data-element_type=\"container\" data-e-type=\"container\">\n\t\t\t\t<div class=\"elementor-element elementor-element-357dcfb elementor-position-top elementor-widget elementor-widget-image-box\" data-id=\"357dcfb\" data-element_type=\"widget\" data-e-type=\"widget\" data-widget_type=\"image-box.default\">\n\t\t\t\t<div class=\"elementor-widget-container\">\n\t\t\t\t\t<div class=\"elementor-image-box-wrapper\"><figure class=\"elementor-image-box-img\"><img loading=\"lazy\" decoding=\"async\" width=\"639\" height=\"936\" src=\"https:\/\/locations-06.fr\/wp-content\/uploads\/monumental-mougins-expositions-art-contemporain-culture-agenda-cote-d-azur-2026.jpg\" class=\"attachment-full size-full wp-image-29532\" alt=\"\" srcset=\"https:\/\/locations-06.fr\/wp-content\/uploads\/monumental-mougins-expositions-art-contemporain-culture-agenda-cote-d-azur-2026.jpg 639w, https:\/\/locations-06.fr\/wp-content\/uploads\/monumental-mougins-expositions-art-contemporain-culture-agenda-cote-d-azur-2026-205x300.jpg 205w\" sizes=\"(max-width: 639px) 100vw, 639px\" \/><\/figure><div class=\"elementor-image-box-content\"><h3 class=\"elementor-image-box-title\">Monumental<\/br>Beth Carter<\/h3><p class=\"elementor-image-box-description\"><h3 class=\"h3-ville\">Mougins<\/h3>\nFrom February 7, to<\/br>1November 1<sup>st<\/sup>, 2026<\/p><\/div><\/div>\t\t\t\t<\/div>\n\t\t\t\t<\/div>\n\t\t\t\t<\/div>\n\t\t<div class=\"elementor-element elementor-element-47e84d5 e-con-full e-flex e-con e-child\" data-id=\"47e84d5\" data-element_type=\"container\" data-e-type=\"container\">\n\t\t\t\t<div class=\"elementor-element elementor-element-12d7be3 elementor-position-top elementor-widget elementor-widget-image-box\" data-id=\"12d7be3\" data-element_type=\"widget\" data-e-type=\"widget\" data-widget_type=\"image-box.default\">\n\t\t\t\t<div class=\"elementor-widget-container\">\n\t\t\t\t\t<div class=\"elementor-image-box-wrapper\"><figure class=\"elementor-image-box-img\"><img loading=\"lazy\" decoding=\"async\" width=\"521\" height=\"723\" src=\"https:\/\/locations-06.fr\/wp-content\/uploads\/fete-port-st-laurent-du-var-spectacles-manifestations-famille-agenda-paca-2025.jpg\" class=\"attachment-full size-full wp-image-20334\" alt=\"\" srcset=\"https:\/\/locations-06.fr\/wp-content\/uploads\/fete-port-st-laurent-du-var-spectacles-manifestations-famille-agenda-paca-2025.jpg 521w, https:\/\/locations-06.fr\/wp-content\/uploads\/fete-port-st-laurent-du-var-spectacles-manifestations-famille-agenda-paca-2025-216x300.jpg 216w\" sizes=\"(max-width: 521px) 100vw, 521px\" \/><\/figure><div class=\"elementor-image-box-content\"><h3 class=\"elementor-image-box-title\">Port festival<\/br>&nbsp;<\/h3><p class=\"elementor-image-box-description\"><h3 class=\"h3-ville\">Saint Laurent du Var<\/h3>\nJune 2026<\/p><\/div><\/div>\t\t\t\t<\/div>\n\t\t\t\t<\/div>\n\t\t\t\t<\/div>\n\t\t\t\t<\/div>\n\t\t<div class=\"elementor-element elementor-element-c280551 e-con-full e-flex e-con e-parent\" data-id=\"c280551\" data-element_type=\"container\" data-e-type=\"container\">\n\t\t<div class=\"elementor-element elementor-element-aa18415 e-con-full e-flex e-con e-child\" data-id=\"aa18415\" data-element_type=\"container\" data-e-type=\"container\">\n\t\t\t\t<div class=\"elementor-element elementor-element-057224d elementor-position-top elementor-widget elementor-widget-image-box\" data-id=\"057224d\" data-element_type=\"widget\" data-e-type=\"widget\" data-widget_type=\"image-box.default\">\n\t\t\t\t<div class=\"elementor-widget-container\">\n\t\t\t\t\t<div class=\"elementor-image-box-wrapper\"><figure class=\"elementor-image-box-img\"><img loading=\"lazy\" decoding=\"async\" width=\"1080\" height=\"1350\" src=\"https:\/\/locations-06.fr\/wp-content\/uploads\/meeting-athletisme-nikaia-evenements-manifestations-sports-agenda-06-2025.jpg\" class=\"attachment-full size-full wp-image-20293\" alt=\"\" srcset=\"https:\/\/locations-06.fr\/wp-content\/uploads\/meeting-athletisme-nikaia-evenements-manifestations-sports-agenda-06-2025.jpg 1080w, https:\/\/locations-06.fr\/wp-content\/uploads\/meeting-athletisme-nikaia-evenements-manifestations-sports-agenda-06-2025-240x300.jpg 240w, https:\/\/locations-06.fr\/wp-content\/uploads\/meeting-athletisme-nikaia-evenements-manifestations-sports-agenda-06-2025-819x1024.jpg 819w, https:\/\/locations-06.fr\/wp-content\/uploads\/meeting-athletisme-nikaia-evenements-manifestations-sports-agenda-06-2025-768x960.jpg 768w\" sizes=\"(max-width: 1080px) 100vw, 1080px\" \/><\/figure><div class=\"elementor-image-box-content\"><h3 class=\"elementor-image-box-title\">Nikaia\" athletics meeting<\/h3><p class=\"elementor-image-box-description\"><h3 class=\"h3-ville\">Nice<\/h3>\nJune 13, 2026<\/p><\/div><\/div>\t\t\t\t<\/div>\n\t\t\t\t<\/div>\n\t\t\t\t<\/div>\n\t\t<div class=\"elementor-element elementor-element-62fb931 e-con-full e-flex e-con e-child\" data-id=\"62fb931\" data-element_type=\"container\" data-e-type=\"container\">\n\t\t\t\t<div class=\"elementor-element elementor-element-1a11df0 elementor-position-top elementor-widget elementor-widget-image-box\" data-id=\"1a11df0\" data-element_type=\"widget\" data-e-type=\"widget\" data-widget_type=\"image-box.default\">\n\t\t\t\t<div class=\"elementor-widget-container\">\n\t\t\t\t\t<div class=\"elementor-image-box-wrapper\"><figure class=\"elementor-image-box-img\"><img loading=\"lazy\" decoding=\"async\" width=\"732\" height=\"900\" src=\"https:\/\/locations-06.fr\/wp-content\/uploads\/trail-millefonts-valdeblore-competition-sportive-agenda-cote-d-azur-2025.jpg\" class=\"attachment-full size-full wp-image-18159\" alt=\"\" srcset=\"https:\/\/locations-06.fr\/wp-content\/uploads\/trail-millefonts-valdeblore-competition-sportive-agenda-cote-d-azur-2025.jpg 732w, https:\/\/locations-06.fr\/wp-content\/uploads\/trail-millefonts-valdeblore-competition-sportive-agenda-cote-d-azur-2025-244x300.jpg 244w\" sizes=\"(max-width: 732px) 100vw, 732px\" \/><\/figure><div class=\"elementor-image-box-content\"><h3 class=\"elementor-image-box-title\">Trail des Millefonts<\/br>&nbsp;<\/h3><p class=\"elementor-image-box-description\"><h3 class=\"h3-ville\">Valdeblore<\/h3>\nJune 6 &amp; 7, 2026<\/p><\/div><\/div>\t\t\t\t<\/div>\n\t\t\t\t<\/div>\n\t\t\t\t<\/div>\n\t\t<div class=\"elementor-element elementor-element-3cbc7c0 e-con-full e-flex e-con e-child\" data-id=\"3cbc7c0\" data-element_type=\"container\" data-e-type=\"container\">\n\t\t\t\t<div class=\"elementor-element elementor-element-e689622 elementor-position-top elementor-widget elementor-widget-image-box\" data-id=\"e689622\" data-element_type=\"widget\" data-e-type=\"widget\" data-widget_type=\"image-box.default\">\n\t\t\t\t<div class=\"elementor-widget-container\">\n\t\t\t\t\t<div class=\"elementor-image-box-wrapper\"><figure class=\"elementor-image-box-img\"><img loading=\"lazy\" decoding=\"async\" width=\"543\" height=\"768\" src=\"https:\/\/locations-06.fr\/wp-content\/uploads\/fete-jeunes-agriculteurs-cannes-marche-fete-producteurs-locauxagenda-06-2025.jpg\" class=\"attachment-full size-full wp-image-20398\" alt=\"\" srcset=\"https:\/\/locations-06.fr\/wp-content\/uploads\/fete-jeunes-agriculteurs-cannes-marche-fete-producteurs-locauxagenda-06-2025.jpg 543w, https:\/\/locations-06.fr\/wp-content\/uploads\/fete-jeunes-agriculteurs-cannes-marche-fete-producteurs-locauxagenda-06-2025-212x300.jpg 212w\" sizes=\"(max-width: 543px) 100vw, 543px\" \/><\/figure><div class=\"elementor-image-box-content\"><h3 class=\"elementor-image-box-title\">Young Farmers' Festival<\/br><\/h3><p class=\"elementor-image-box-description\"><h3 class=\"h3-ville\">Cannes<\/h3>\nJune 2026<\/p><\/div><\/div>\t\t\t\t<\/div>\n\t\t\t\t<\/div>\n\t\t\t\t<\/div>\n\t\t<div class=\"elementor-element elementor-element-9f0e0c1 e-con-full e-flex e-con e-child\" data-id=\"9f0e0c1\" data-element_type=\"container\" data-e-type=\"container\">\n\t\t\t\t<div class=\"elementor-element elementor-element-9dcb629 elementor-widget__width-initial elementor-position-top elementor-widget elementor-widget-image-box\" data-id=\"9dcb629\" data-element_type=\"widget\" data-e-type=\"widget\" data-widget_type=\"image-box.default\">\n\t\t\t\t<div class=\"elementor-widget-container\">\n\t\t\t\t\t<div class=\"elementor-image-box-wrapper\"><figure class=\"elementor-image-box-img\"><img loading=\"lazy\" decoding=\"async\" width=\"485\" height=\"729\" src=\"https:\/\/locations-06.fr\/wp-content\/uploads\/jumping-international-cannes-agenda-cote-d-azur-2025.jpg\" class=\"attachment-full size-full wp-image-20318\" alt=\"\" srcset=\"https:\/\/locations-06.fr\/wp-content\/uploads\/jumping-international-cannes-agenda-cote-d-azur-2025.jpg 485w, https:\/\/locations-06.fr\/wp-content\/uploads\/jumping-international-cannes-agenda-cote-d-azur-2025-200x300.jpg 200w\" sizes=\"(max-width: 485px) 100vw, 485px\" \/><\/figure><div class=\"elementor-image-box-content\"><h3 class=\"elementor-image-box-title\">43<sup>rd<\/sup> International Jumping<\/h3><p class=\"elementor-image-box-description\"><h3 class=\"h3-ville\">Cannes<\/h3>\nJuan 4 to 6, 2026<\/p><\/div><\/div>\t\t\t\t<\/div>\n\t\t\t\t<\/div>\n\t\t\t\t<\/div>\n\t\t<div class=\"elementor-element elementor-element-8739c2e e-con-full e-flex e-con e-child\" data-id=\"8739c2e\" data-element_type=\"container\" data-e-type=\"container\">\n\t\t\t\t<div class=\"elementor-element elementor-element-2a3dcd5 elementor-position-top elementor-widget elementor-widget-image-box\" data-id=\"2a3dcd5\" data-element_type=\"widget\" data-e-type=\"widget\" data-widget_type=\"image-box.default\">\n\t\t\t\t<div class=\"elementor-widget-container\">\n\t\t\t\t\t<div class=\"elementor-image-box-wrapper\"><figure class=\"elementor-image-box-img\"><img decoding=\"async\" src=\"https:\/\/locations-06.fr\/wp-content\/uploads\/fete-st-pierre-golfe-juan-festivites-traditions-manifestations-cote-d-azur-agenda.jpg\" title=\"\" alt=\"F\u00eates - Activit\u00e9s F\u00eate de la Saint Pierre\" loading=\"lazy\" \/><\/figure><div class=\"elementor-image-box-content\"><h3 class=\"elementor-image-box-title\">Saint Peter's Day<\/br>&nbsp;<\/h3><p class=\"elementor-image-box-description\"><h3 class=\"h3-ville\">Golfe-Juan<\/h3>\nJune-July 2026<\/p><\/div><\/div>\t\t\t\t<\/div>\n\t\t\t\t<\/div>\n\t\t\t\t<\/div>\n\t\t<div class=\"elementor-element elementor-element-ee79b15 e-con-full e-flex e-con e-child\" data-id=\"ee79b15\" data-element_type=\"container\" data-e-type=\"container\">\n\t\t\t\t<div class=\"elementor-element elementor-element-3e8c0bb elementor-position-top elementor-widget elementor-widget-image-box\" data-id=\"3e8c0bb\" data-element_type=\"widget\" data-e-type=\"widget\" data-widget_type=\"image-box.default\">\n\t\t\t\t<div class=\"elementor-widget-container\">\n\t\t\t\t\t<div class=\"elementor-image-box-wrapper\"><figure class=\"elementor-image-box-img\"><img loading=\"lazy\" decoding=\"async\" width=\"685\" height=\"1024\" src=\"https:\/\/locations-06.fr\/wp-content\/uploads\/pitchouns-festival-frejus-animations-fetes-enfants-agenda-cote-d-azur-2025.jpg\" class=\"attachment-full size-full wp-image-20358\" alt=\"\" srcset=\"https:\/\/locations-06.fr\/wp-content\/uploads\/pitchouns-festival-frejus-animations-fetes-enfants-agenda-cote-d-azur-2025.jpg 685w, https:\/\/locations-06.fr\/wp-content\/uploads\/pitchouns-festival-frejus-animations-fetes-enfants-agenda-cote-d-azur-2025-201x300.jpg 201w\" sizes=\"(max-width: 685px) 100vw, 685px\" \/><\/figure><div class=\"elementor-image-box-content\"><h3 class=\"elementor-image-box-title\">Pitchouns festival<\/br>&nbsp;<\/h3><p class=\"elementor-image-box-description\"><h3 class=\"h3-ville\">Fr\u00e9jus<\/h3>\nJune 2026<\/p><\/div><\/div>\t\t\t\t<\/div>\n\t\t\t\t<\/div>\n\t\t\t\t<\/div>\n\t\t\t\t<\/div>\n\t\t<div class=\"elementor-element elementor-element-68adce7 e-con-full e-flex e-con e-parent\" data-id=\"68adce7\" data-element_type=\"container\" data-e-type=\"container\">\n\t\t<div class=\"elementor-element elementor-element-ce64621 e-con-full e-flex e-con e-child\" data-id=\"ce64621\" data-element_type=\"container\" data-e-type=\"container\">\n\t\t\t\t<div class=\"elementor-element elementor-element-8c11be6 elementor-position-top elementor-widget elementor-widget-image-box\" data-id=\"8c11be6\" data-element_type=\"widget\" data-e-type=\"widget\" data-widget_type=\"image-box.default\">\n\t\t\t\t<div class=\"elementor-widget-container\">\n\t\t\t\t\t<div class=\"elementor-image-box-wrapper\"><figure class=\"elementor-image-box-img\"><img loading=\"lazy\" decoding=\"async\" width=\"724\" height=\"1024\" src=\"https:\/\/locations-06.fr\/wp-content\/uploads\/grand-prix-formule-1-monaco-agenda-cote-d-azur-2026.jpg\" class=\"attachment-full size-full wp-image-28430\" alt=\"\" srcset=\"https:\/\/locations-06.fr\/wp-content\/uploads\/grand-prix-formule-1-monaco-agenda-cote-d-azur-2026.jpg 724w, https:\/\/locations-06.fr\/wp-content\/uploads\/grand-prix-formule-1-monaco-agenda-cote-d-azur-2026-212x300.jpg 212w\" sizes=\"(max-width: 724px) 100vw, 724px\" \/><\/figure><div class=\"elementor-image-box-content\"><h3 class=\"elementor-image-box-title\">83<sup>rd<\/sup> Monaco Formula 1 Grand Prix<\/h3><p class=\"elementor-image-box-description\"><h3 class=\"h3-ville\">Monaco<\/h3>\nJUne 4 to 7, 2026<\/p><\/div><\/div>\t\t\t\t<\/div>\n\t\t\t\t<\/div>\n\t\t\t\t<\/div>\n\t\t<div class=\"elementor-element elementor-element-fa517b3 e-con-full e-flex e-con e-child\" data-id=\"fa517b3\" data-element_type=\"container\" data-e-type=\"container\">\n\t\t\t\t<div class=\"elementor-element elementor-element-5b51368 elementor-position-top elementor-widget elementor-widget-image-box\" data-id=\"5b51368\" data-element_type=\"widget\" data-e-type=\"widget\" data-widget_type=\"image-box.default\">\n\t\t\t\t<div class=\"elementor-widget-container\">\n\t\t\t\t\t<div class=\"elementor-image-box-wrapper\"><figure class=\"elementor-image-box-img\"><img loading=\"lazy\" decoding=\"async\" width=\"424\" height=\"600\" src=\"https:\/\/locations-06.fr\/wp-content\/uploads\/festival-sous-les-etoiles-chateauneuf-grasse-musique-classique-concerts-agenda-alpes-maritimes-2025.jpg\" class=\"attachment-full size-full wp-image-20382\" alt=\"\" srcset=\"https:\/\/locations-06.fr\/wp-content\/uploads\/festival-sous-les-etoiles-chateauneuf-grasse-musique-classique-concerts-agenda-alpes-maritimes-2025.jpg 424w, https:\/\/locations-06.fr\/wp-content\/uploads\/festival-sous-les-etoiles-chateauneuf-grasse-musique-classique-concerts-agenda-alpes-maritimes-2025-212x300.jpg 212w\" sizes=\"(max-width: 424px) 100vw, 424px\" \/><\/figure><div class=\"elementor-image-box-content\"><h3 class=\"elementor-image-box-title\">Menton pink onion festival<\/br>&nbsp;<\/h3><p class=\"elementor-image-box-description\"><h3 class=\"h3-ville\">Ch\u00e2teauneuf-Grasse<\/h3>\nJune 2026<\/p><\/div><\/div>\t\t\t\t<\/div>\n\t\t\t\t<\/div>\n\t\t\t\t<\/div>\n\t\t<div class=\"elementor-element elementor-element-4117c54 e-con-full e-flex e-con e-child\" data-id=\"4117c54\" data-element_type=\"container\" data-e-type=\"container\">\n\t\t\t\t<div class=\"elementor-element elementor-element-821c52d elementor-position-top elementor-widget elementor-widget-image-box\" data-id=\"821c52d\" data-element_type=\"widget\" data-e-type=\"widget\" data-widget_type=\"image-box.default\">\n\t\t\t\t<div class=\"elementor-widget-container\">\n\t\t\t\t\t<div class=\"elementor-image-box-wrapper\"><figure class=\"elementor-image-box-img\"><img decoding=\"async\" src=\"https:\/\/locations-06.fr\/wp-content\/uploads\/elementor\/thumbs\/grasse-fete-2-roues-securite-routiere-agenda-manifestations-agenda-cote-dazur-2025-r6aos3likoccxcua7aht9sz6zuc1212vlow1dtqnb0.jpg\" title=\"grasse-fete-2-roues-securite-routiere-agenda-manifestations-agenda-cote-dazur-2025\" alt=\"grasse-fete-2-roues-securite-routiere-agenda-manifestations-agenda-cote-dazur-2025\" loading=\"lazy\" \/><\/figure><div class=\"elementor-image-box-content\"><h3 class=\"elementor-image-box-title\">2-wheel &amp; road safety festival<\/h3><p class=\"elementor-image-box-description\"><h3 class=\"h3-ville\">Grasse<\/h3>\nJune 2026<\/p><\/div><\/div>\t\t\t\t<\/div>\n\t\t\t\t<\/div>\n\t\t\t\t<\/div>\n\t\t<div class=\"elementor-element elementor-element-f5ec3af e-con-full e-flex e-con e-child\" data-id=\"f5ec3af\" data-element_type=\"container\" data-e-type=\"container\">\n\t\t\t\t<div class=\"elementor-element elementor-element-73a3483 elementor-position-top elementor-widget elementor-widget-image-box\" data-id=\"73a3483\" data-element_type=\"widget\" data-e-type=\"widget\" data-widget_type=\"image-box.default\">\n\t\t\t\t<div class=\"elementor-widget-container\">\n\t\t\t\t\t<div class=\"elementor-image-box-wrapper\"><figure class=\"elementor-image-box-img\"><img loading=\"lazy\" decoding=\"async\" width=\"849\" height=\"1200\" src=\"https:\/\/locations-06.fr\/wp-content\/uploads\/festival-humour-opio-spectacles-pour-tous-agenda-cote-dazur.jpg\" class=\"attachment-full size-full wp-image-12282\" alt=\"\" srcset=\"https:\/\/locations-06.fr\/wp-content\/uploads\/festival-humour-opio-spectacles-pour-tous-agenda-cote-dazur.jpg 849w, https:\/\/locations-06.fr\/wp-content\/uploads\/festival-humour-opio-spectacles-pour-tous-agenda-cote-dazur-212x300.jpg 212w, https:\/\/locations-06.fr\/wp-content\/uploads\/festival-humour-opio-spectacles-pour-tous-agenda-cote-dazur-724x1024.jpg 724w, https:\/\/locations-06.fr\/wp-content\/uploads\/festival-humour-opio-spectacles-pour-tous-agenda-cote-dazur-768x1086.jpg 768w\" sizes=\"(max-width: 849px) 100vw, 849px\" \/><\/figure><div class=\"elementor-image-box-content\"><h3 class=\"elementor-image-box-title\">Festival d'humour<\/br>&nbsp;<\/h3><p class=\"elementor-image-box-description\"><h3 class=\"h3-ville\">Opio<\/h3>\nJune 2026<\/p><\/div><\/div>\t\t\t\t<\/div>\n\t\t\t\t<\/div>\n\t\t\t\t<\/div>\n\t\t<div class=\"elementor-element elementor-element-04397f4 e-con-full e-flex e-con e-child\" data-id=\"04397f4\" data-element_type=\"container\" data-e-type=\"container\">\n\t\t\t\t<div class=\"elementor-element elementor-element-d748b1b elementor-position-top elementor-widget elementor-widget-image-box\" data-id=\"d748b1b\" data-element_type=\"widget\" data-e-type=\"widget\" data-widget_type=\"image-box.default\">\n\t\t\t\t<div class=\"elementor-widget-container\">\n\t\t\t\t\t<div class=\"elementor-image-box-wrapper\"><figure class=\"elementor-image-box-img\"><img decoding=\"async\" src=\"https:\/\/locations-06.fr\/wp-content\/uploads\/festival-jazz-chateau-cagnes-sur-mer-concerts-spectacles-agenda-06-cote-d-azur.jpg\" title=\"\" alt=\"F\u00eates - Activit\u00e9s Jazz au ch\u00e2teau\" loading=\"lazy\" \/><\/figure><div class=\"elementor-image-box-content\"><h3 class=\"elementor-image-box-title\">Jazz au Ch\u00e2teau<\/br>&nbsp;<\/h3><p class=\"elementor-image-box-description\"><h3 class=\"h3-ville\">Cagnes sur Mer<\/h3>\nJUne to September 2026<\/p><\/div><\/div>\t\t\t\t<\/div>\n\t\t\t\t<\/div>\n\t\t\t\t<\/div>\n\t\t<div class=\"elementor-element elementor-element-2bdd5a5 e-con-full e-flex e-con e-child\" data-id=\"2bdd5a5\" data-element_type=\"container\" data-e-type=\"container\">\n\t\t\t\t<div class=\"elementor-element elementor-element-89df9b2 elementor-position-top elementor-widget elementor-widget-image-box\" data-id=\"89df9b2\" data-element_type=\"widget\" data-e-type=\"widget\" data-widget_type=\"image-box.default\">\n\t\t\t\t<div class=\"elementor-widget-container\">\n\t\t\t\t\t<div class=\"elementor-image-box-wrapper\"><figure class=\"elementor-image-box-img\"><img loading=\"lazy\" decoding=\"async\" width=\"409\" height=\"600\" src=\"https:\/\/locations-06.fr\/wp-content\/uploads\/fete-st-jean-mandelieu-fetivites-idees-sorties-famille-agenda-cote-dazur-2025.jpg\" class=\"attachment-full size-full wp-image-20374\" alt=\"\" srcset=\"https:\/\/locations-06.fr\/wp-content\/uploads\/fete-st-jean-mandelieu-fetivites-idees-sorties-famille-agenda-cote-dazur-2025.jpg 409w, https:\/\/locations-06.fr\/wp-content\/uploads\/fete-st-jean-mandelieu-fetivites-idees-sorties-famille-agenda-cote-dazur-2025-205x300.jpg 205w\" sizes=\"(max-width: 409px) 100vw, 409px\" \/><\/figure><div class=\"elementor-image-box-content\"><h3 class=\"elementor-image-box-title\">Saint John's Day<\/br>&nbsp;<\/h3><p class=\"elementor-image-box-description\"><h3 class=\"h3-ville\">Mandelieu<\/h3>\nJune 2026<\/p><\/div><\/div>\t\t\t\t<\/div>\n\t\t\t\t<\/div>\n\t\t\t\t<\/div>\n\t\t\t\t<\/div>\n\t\t<div class=\"elementor-element elementor-element-193f95f e-con-full e-flex e-con e-parent\" data-id=\"193f95f\" data-element_type=\"container\" data-e-type=\"container\">\n\t\t<div class=\"elementor-element elementor-element-d7028e3 e-con-full e-flex e-con e-child\" data-id=\"d7028e3\" data-element_type=\"container\" data-e-type=\"container\">\n\t\t\t\t<div class=\"elementor-element elementor-element-ed04ad3 elementor-position-top elementor-widget elementor-widget-image-box\" data-id=\"ed04ad3\" data-element_type=\"widget\" data-e-type=\"widget\" data-widget_type=\"image-box.default\">\n\t\t\t\t<div class=\"elementor-widget-container\">\n\t\t\t\t\t<div class=\"elementor-image-box-wrapper\"><figure class=\"elementor-image-box-img\"><img loading=\"lazy\" decoding=\"async\" width=\"485\" height=\"729\" src=\"https:\/\/locations-06.fr\/wp-content\/uploads\/cannes-champetre-fete-idees-sorties-loisirs-familles-enfants-agenda-alpes-maritimes.jpg\" class=\"attachment-full size-full wp-image-19359\" alt=\"\" srcset=\"https:\/\/locations-06.fr\/wp-content\/uploads\/cannes-champetre-fete-idees-sorties-loisirs-familles-enfants-agenda-alpes-maritimes.jpg 485w, https:\/\/locations-06.fr\/wp-content\/uploads\/cannes-champetre-fete-idees-sorties-loisirs-familles-enfants-agenda-alpes-maritimes-200x300.jpg 200w\" sizes=\"(max-width: 485px) 100vw, 485px\" \/><\/figure><div class=\"elementor-image-box-content\"><h3 class=\"elementor-image-box-title\">Cannes champ\u00eatre<\/br>&nbsp;<\/h3><p class=\"elementor-image-box-description\"><h3 class=\"h3-ville\">Cannes<\/h3>\nJune 2026<\/p><\/div><\/div>\t\t\t\t<\/div>\n\t\t\t\t<\/div>\n\t\t\t\t<\/div>\n\t\t<div class=\"elementor-element elementor-element-13bcb88 e-con-full e-flex e-con e-child\" data-id=\"13bcb88\" data-element_type=\"container\" data-e-type=\"container\">\n\t\t\t\t<div class=\"elementor-element elementor-element-270410f elementor-position-top elementor-widget elementor-widget-image-box\" data-id=\"270410f\" data-element_type=\"widget\" data-e-type=\"widget\" data-widget_type=\"image-box.default\">\n\t\t\t\t<div class=\"elementor-widget-container\">\n\t\t\t\t\t<div class=\"elementor-image-box-wrapper\"><figure class=\"elementor-image-box-img\"><img loading=\"lazy\" decoding=\"async\" width=\"495\" height=\"700\" src=\"https:\/\/locations-06.fr\/wp-content\/uploads\/festin-dei-limassa-tourette-levens-traditions-folklore-festivites-agenda-alpes-maritimes.jpg\" class=\"attachment-full size-full wp-image-12367\" alt=\"\" srcset=\"https:\/\/locations-06.fr\/wp-content\/uploads\/festin-dei-limassa-tourette-levens-traditions-folklore-festivites-agenda-alpes-maritimes.jpg 495w, https:\/\/locations-06.fr\/wp-content\/uploads\/festin-dei-limassa-tourette-levens-traditions-folklore-festivites-agenda-alpes-maritimes-212x300.jpg 212w\" sizes=\"(max-width: 495px) 100vw, 495px\" \/><\/figure><div class=\"elementor-image-box-content\"><h3 class=\"elementor-image-box-title\">Menton pink onion festival<\/br>&nbsp;<\/h3><p class=\"elementor-image-box-description\"><h3 class=\"h3-ville\">Tourrette-Levens<\/h3>\nJune 2026<\/p><\/div><\/div>\t\t\t\t<\/div>\n\t\t\t\t<\/div>\n\t\t\t\t<\/div>\n\t\t<div class=\"elementor-element elementor-element-075ddda e-con-full e-flex e-con e-child\" data-id=\"075ddda\" data-element_type=\"container\" data-e-type=\"container\">\n\t\t\t\t<div class=\"elementor-element elementor-element-1bc7aac elementor-position-top elementor-widget elementor-widget-image-box\" data-id=\"1bc7aac\" data-element_type=\"widget\" data-e-type=\"widget\" data-widget_type=\"image-box.default\">\n\t\t\t\t<div class=\"elementor-widget-container\">\n\t\t\t\t\t<div class=\"elementor-image-box-wrapper\"><figure class=\"elementor-image-box-img\"><img loading=\"lazy\" decoding=\"async\" width=\"619\" height=\"854\" src=\"https:\/\/locations-06.fr\/wp-content\/uploads\/salon-flacons-parfums-oeuvres-arts-exposition-grasse-ideees-sorties-agenda-alpes-maritimes-2026.jpg\" class=\"attachment-full size-full wp-image-30308\" alt=\"\" srcset=\"https:\/\/locations-06.fr\/wp-content\/uploads\/salon-flacons-parfums-oeuvres-arts-exposition-grasse-ideees-sorties-agenda-alpes-maritimes-2026.jpg 619w, https:\/\/locations-06.fr\/wp-content\/uploads\/salon-flacons-parfums-oeuvres-arts-exposition-grasse-ideees-sorties-agenda-alpes-maritimes-2026-217x300.jpg 217w\" sizes=\"(max-width: 619px) 100vw, 619px\" \/><\/figure><div class=\"elementor-image-box-content\"><h3 class=\"elementor-image-box-title\">Salon des flacons de parfums &amp; oeuvres d'art<\/h3><p class=\"elementor-image-box-description\"><h3 class=\"h3-ville\">Grasse<\/h3>\nJune 7, 2026<\/p><\/div><\/div>\t\t\t\t<\/div>\n\t\t\t\t<\/div>\n\t\t\t\t<\/div>\n\t\t\t\t<\/div>\n\t\t<div class=\"elementor-element elementor-element-7acf00e0 e-flex e-con-boxed e-con e-parent\" data-id=\"7acf00e0\" data-element_type=\"container\" data-e-type=\"container\">\n\t\t\t\t\t<div class=\"e-con-inner\">\n\t\t<div class=\"elementor-element elementor-element-6c5a638f e-con-full e-flex e-con e-child\" data-id=\"6c5a638f\" data-element_type=\"container\" data-e-type=\"container\">\n\t\t\t\t<div class=\"elementor-element elementor-element-dfeea36 elementor-widget elementor-widget-text-editor\" data-id=\"dfeea36\" data-element_type=\"widget\" data-e-type=\"widget\" data-widget_type=\"text-editor.default\">\n\t\t\t\t<div class=\"elementor-widget-container\">\n\t\t\t\t\t\t\t\t\t<p>Share this article on social networks<\/p>\t\t\t\t\t\t\t\t<\/div>\n\t\t\t\t<\/div>\n\t\t\t\t<\/div>\n\t\t<div class=\"elementor-element elementor-element-5aebd8a4 e-con-full e-flex e-con e-child\" data-id=\"5aebd8a4\" data-element_type=\"container\" data-e-type=\"container\">\n\t\t\t\t<div class=\"elementor-element elementor-element-632dc2b elementor-widget elementor-widget-html\" data-id=\"632dc2b\" data-element_type=\"widget\" data-e-type=\"widget\" data-widget_type=\"html.default\">\n\t\t\t\t<div class=\"elementor-widget-container\">\n\t\t\t\t\t<button class=\"facebook-share-button\" onclick=\"partagerSurFacebook()\">\n    <img decoding=\"async\" src=\"https:\/\/upload.wikimedia.org\/wikipedia\/commons\/5\/51\/Facebook_f_logo_%282019%29.svg\" alt=\"Facebook Logo\" style=\"width:16px; height:16px; vertical-align:middle; margin-right: 8px;\">\n Facebook.\n<\/button>\n\n<style>\n    .facebook-share-button {\n        background-color: #1877f2;\n        color: #fff;\n        border: none;\n        padding: 10px 20px;\n        font-size: 16px;\n        font-family: Arial, sans-serif;\n        border-radius: 5px;\n        cursor: pointer;\n        display: inline-flex;\n        align-items: center;\n    }\n    .facebook-share-button:hover {\n        background-color: #155bc3;\n    }\n    .facebook-share-button img {\n        width: 16px;\n        height: 16px;\n    }\n<\/style>\n\n<script>\n    function partagerSurFacebook() {\n        const url = encodeURIComponent(window.location.href);\n        const partageURL = `https:\/\/www.facebook.com\/sharer\/sharer.php?u=${url}`;\n        window.open(partageURL, 'Partager sur Facebook', 'width=600,height=400');\n    }\n<\/script>\n\t\t\t\t<\/div>\n\t\t\t\t<\/div>\n\t\t\t\t<\/div>\n\t\t<div class=\"elementor-element elementor-element-20d30253 e-con-full e-flex e-con e-child\" data-id=\"20d30253\" data-element_type=\"container\" data-e-type=\"container\">\n\t\t\t\t<div class=\"elementor-element elementor-element-3388e60c elementor-widget elementor-widget-html\" data-id=\"3388e60c\" data-element_type=\"widget\" data-e-type=\"widget\" data-widget_type=\"html.default\">\n\t\t\t\t<div class=\"elementor-widget-container\">\n\t\t\t\t\t<button class=\"instagram-share-button\" onclick=\"ouvrirInstagram()\">\n    <img decoding=\"async\" src=\"https:\/\/upload.wikimedia.org\/wikipedia\/commons\/a\/a5\/Instagram_icon.png\" alt=\"Instagram Logo\" style=\"width:16px; height:16px; vertical-align:middle; margin-right: 8px;\">\n Instagram\n<\/button>\n\n<style>\n    .instagram-share-button {\n        background: radial-gradient(circle at 30% 107%, #fdf497 0%, #fdf497 5%, #fd5949 45%, #d6249f 60%, #285AEB 90%);\n        color: #fff;\n        border: none;\n        padding: 10px 20px;\n        font-size: 16px;\n        font-family: Arial, sans-serif;\n        border-radius: 5px;\n        cursor: pointer;\n        display: inline-flex;\n        align-items: center;\n    }\n    .instagram-share-button:hover {\n        opacity: 0.9;\n    }\n    .instagram-share-button img {\n        width: 16px;\n        height: 16px;\n    }\n<\/style>\n\n<script>\n    function ouvrirInstagram() {\n        const url = encodeURIComponent(window.location.href); \/\/ URL de la page actuelle\n        const instagramProfileURL = `https:\/\/www.instagram.com\/?url=${url}`; \/\/ Redirige vers Instagram\n        window.open(instagramProfileURL, 'Partager sur Instagram', 'width=600,height=400');\n    }\n<\/script>\n\t\t\t\t<\/div>\n\t\t\t\t<\/div>\n\t\t\t\t<\/div>\n\t\t<div class=\"elementor-element elementor-element-20cfee15 e-con-full e-flex e-con e-child\" data-id=\"20cfee15\" data-element_type=\"container\" data-e-type=\"container\">\n\t\t\t\t<div class=\"elementor-element elementor-element-79efa936 elementor-widget elementor-widget-html\" data-id=\"79efa936\" data-element_type=\"widget\" data-e-type=\"widget\" data-widget_type=\"html.default\">\n\t\t\t\t<div class=\"elementor-widget-container\">\n\t\t\t\t\t<button class=\"twitter-share-button\" onclick=\"partagerSurTwitter()\">\n    <span style=\"display: inline-flex; align-items: center;\">\n        <svg xmlns=\"http:\/\/www.w3.org\/2000\/svg\" width=\"16\" height=\"16\" viewbox=\"0 0 24 24\" fill=\"#fff\" style=\"margin-right: 8px;\">\n            <path d=\"M24 4.557a9.83 9.83 0 0 1-2.828.775 4.932 4.932 0 0 0 2.165-2.724 9.864 9.864 0 0 1-3.127 1.195 4.92 4.92 0 0 0-8.384 4.482A13.978 13.978 0 0 1 1.671 3.149 4.92 4.92 0 0 0 3.195 9.72a4.904 4.904 0 0 1-2.229-.616v.061a4.92 4.92 0 0 0 3.946 4.827 4.936 4.936 0 0 1-2.224.084 4.92 4.92 0 0 0 4.6 3.419A9.868 9.868 0 0 1 0 19.539a13.94 13.94 0 0 0 7.548 2.213c9.057 0 14.007-7.496 14.007-13.986 0-.213-.005-.425-.014-.636A10.012 10.012 0 0 0 24 4.557z\"><\/path>\n        <\/svg>\n Twitter\n    <\/span>\n<\/button>\n\n<style>\n    .twitter-share-button {\n        background-color: #1DA1F2;\n        color: #fff;\n        border: none;\n        padding: 10px 20px;\n        font-size: 16px;\n        font-family: Arial, sans-serif;\n        border-radius: 5px;\n        cursor: pointer;\n        display: inline-flex;\n        align-items: center;\n    }\n    .twitter-share-button:hover {\n        background-color: #0d8dd8;\n    }\n<\/style>\n\n<script>\n    function partagerSurTwitter() {\n        const url = encodeURIComponent(window.location.href); \/\/ URL de la page actuelle\n        const texte = encodeURIComponent(\"D\u00e9couvrez cette page incroyable !\"); \/\/ Texte personnalis\u00e9\n        const partageURL = `https:\/\/twitter.com\/intent\/tweet?url=${url}&text=${texte}`;\n        \n        window.open(partageURL, 'Partager sur Twitter', 'width=600,height=400');\n    }\n<\/script>\n\t\t\t\t<\/div>\n\t\t\t\t<\/div>\n\t\t\t\t<\/div>\n\t\t\t\t\t<\/div>\n\t\t\t\t<\/div>\n\t\t<div class=\"elementor-element elementor-element-215ec18 e-flex e-con-boxed e-con e-parent\" data-id=\"215ec18\" data-element_type=\"container\" data-e-type=\"container\">\n\t\t\t\t\t<div class=\"e-con-inner\">\n\t\t\t\t<div class=\"elementor-element elementor-element-2e7e44f elementor-widget-divider--view-line elementor-widget elementor-widget-divider\" data-id=\"2e7e44f\" data-element_type=\"widget\" data-e-type=\"widget\" data-widget_type=\"divider.default\">\n\t\t\t\t<div class=\"elementor-widget-container\">\n\t\t\t\t\t\t\t<div class=\"elementor-divider\">\n\t\t\t<span class=\"elementor-divider-separator\">\n\t\t\t\t\t\t<\/span>\n\t\t<\/div>\n\t\t\t\t\t\t<\/div>\n\t\t\t\t<\/div>\n\t\t\t\t<div class=\"elementor-element elementor-element-526b1e0 elementor-widget elementor-widget-heading\" data-id=\"526b1e0\" data-element_type=\"widget\" data-e-type=\"widget\" data-widget_type=\"heading.default\">\n\t\t\t\t<div class=\"elementor-widget-container\">\n\t\t\t\t\t<h2 class=\"elementor-heading-title elementor-size-default\">Discover our gites and villas for your vacations on the C\u00f4te d'Azur <\/h2>\t\t\t\t<\/div>\n\t\t\t\t<\/div>\n\t\t\t\t\t<\/div>\n\t\t\t\t<\/div>\n\t\t<div class=\"elementor-element elementor-element-25ef63c e-flex e-con-boxed e-con e-parent\" data-id=\"25ef63c\" data-element_type=\"container\" data-e-type=\"container\">\n\t\t\t\t\t<div class=\"e-con-inner\">\n\t\t<div class=\"elementor-element elementor-element-1124398 e-con-full e-flex e-con e-child\" data-id=\"1124398\" data-element_type=\"container\" data-e-type=\"container\">\n\t\t\t\t<div class=\"elementor-element elementor-element-420a0a4 elementor-position-top elementor-widget elementor-widget-image-box\" data-id=\"420a0a4\" data-element_type=\"widget\" data-e-type=\"widget\" data-widget_type=\"image-box.default\">\n\t\t\t\t<div class=\"elementor-widget-container\">\n\t\t\t\t\t<div class=\"elementor-image-box-wrapper\"><figure class=\"elementor-image-box-img\"><a href=\"https:\/\/locations-06.fr\/en\/les-oliviers\/\" tabindex=\"-1\"><img decoding=\"async\" src=\"https:\/\/locations-06.fr\/wp-content\/uploads\/elementor\/thumbs\/DSC06337-gite-de-france-cote-d-azur-appartement-cannes-nice-piscine-accueil1-qwwbih06k9q3kns1kdh2zzo5a1jgfeu3kv28xww4pc.jpg\" title=\"gite de france cote d azur appartement cannes nice piscine accueil\" alt=\"gite de france cote d azur appartement cannes nice piscine accueil\" loading=\"lazy\" \/><\/a><\/figure><div class=\"elementor-image-box-content\"><h3 class=\"elementor-image-box-title\"><a href=\"https:\/\/locations-06.fr\/en\/les-oliviers\/\">Les Oliviers<\/a><\/h3><\/div><\/div>\t\t\t\t<\/div>\n\t\t\t\t<\/div>\n\t\t\t\t<\/div>\n\t\t<div class=\"elementor-element elementor-element-f75ac7a e-con-full e-flex e-con e-child\" data-id=\"f75ac7a\" data-element_type=\"container\" data-e-type=\"container\">\n\t\t\t\t<div class=\"elementor-element elementor-element-7b05904 elementor-position-top elementor-widget elementor-widget-image-box\" data-id=\"7b05904\" data-element_type=\"widget\" data-e-type=\"widget\" data-widget_type=\"image-box.default\">\n\t\t\t\t<div class=\"elementor-widget-container\">\n\t\t\t\t\t<div class=\"elementor-image-box-wrapper\"><figure class=\"elementor-image-box-img\"><a href=\"https:\/\/locations-06.fr\/en\/la-pascaline\/\" tabindex=\"-1\"><img decoding=\"async\" src=\"https:\/\/locations-06.fr\/wp-content\/uploads\/elementor\/thumbs\/Drone-Appartement-A-1-location-gite-de-france-appartement-cote-azur-cannes-accueil-1-qwwbih06k9q3kns1kdh2zzo5a1jgfeu3kv28xww4pc.jpg\" title=\"location gite de france appartement cote azur cannes accueil\" alt=\"location gite de france appartement cote azur cannes accueil\" loading=\"lazy\" \/><\/a><\/figure><div class=\"elementor-image-box-content\"><h3 class=\"elementor-image-box-title\"><a href=\"https:\/\/locations-06.fr\/en\/la-pascaline\/\">La Pascaline<\/a><\/h3><\/div><\/div>\t\t\t\t<\/div>\n\t\t\t\t<\/div>\n\t\t\t\t<\/div>\n\t\t<div class=\"elementor-element elementor-element-9bfb7d8 e-con-full e-flex e-con e-child\" data-id=\"9bfb7d8\" data-element_type=\"container\" data-e-type=\"container\">\n\t\t\t\t<div class=\"elementor-element elementor-element-e94b677 elementor-position-top elementor-widget elementor-widget-image-box\" data-id=\"e94b677\" data-element_type=\"widget\" data-e-type=\"widget\" data-widget_type=\"image-box.default\">\n\t\t\t\t<div class=\"elementor-widget-container\">\n\t\t\t\t\t<div class=\"elementor-image-box-wrapper\"><figure class=\"elementor-image-box-img\"><a href=\"https:\/\/locations-06.fr\/en\/la-maison-de-noelie-ground-floor\/\" tabindex=\"-1\"><img decoding=\"async\" src=\"https:\/\/locations-06.fr\/wp-content\/uploads\/elementor\/thumbs\/081a0657-appartement-gite-de-france-cote-d-azur-cannes-nice-antibes-06-accueil-qwwbibd5f9idn008hb1bl13dpqb9587pk35c294hqo.jpg\" title=\"La Maison de No\u00e9lie\" alt=\"La Maison de No\u00e9lie\" loading=\"lazy\" \/><\/a><\/figure><div class=\"elementor-image-box-content\"><h3 class=\"elementor-image-box-title\"><a href=\"https:\/\/locations-06.fr\/en\/la-maison-de-noelie-ground-floor\/\">La Maison de No\u00e9lie<\/br> ground floor<\/a><\/h3><\/div><\/div>\t\t\t\t<\/div>\n\t\t\t\t<\/div>\n\t\t\t\t<\/div>\n\t\t<div class=\"elementor-element elementor-element-184ccc4 e-con-full e-flex e-con e-child\" data-id=\"184ccc4\" data-element_type=\"container\" data-e-type=\"container\">\n\t\t\t\t<div class=\"elementor-element elementor-element-74a667b elementor-position-top elementor-widget elementor-widget-image-box\" data-id=\"74a667b\" data-element_type=\"widget\" data-e-type=\"widget\" data-widget_type=\"image-box.default\">\n\t\t\t\t<div class=\"elementor-widget-container\">\n\t\t\t\t\t<div class=\"elementor-image-box-wrapper\"><figure class=\"elementor-image-box-img\"><a href=\"https:\/\/locations-06.fr\/en\/la-maison-de-noelie-1st-floor\/\" tabindex=\"-1\"><img decoding=\"async\" src=\"https:\/\/locations-06.fr\/wp-content\/uploads\/elementor\/thumbs\/081a0657-appartement-gite-de-france-cote-d-azur-cannes-nice-antibes-06-accueil-qwwbibd5f9idn008hb1bl13dpqb9587pk35c294hqo.jpg\" title=\"La Maison de No\u00e9lie\" alt=\"La Maison de No\u00e9lie\" loading=\"lazy\" \/><\/a><\/figure><div class=\"elementor-image-box-content\"><h3 class=\"elementor-image-box-title\"><a href=\"https:\/\/locations-06.fr\/en\/la-maison-de-noelie-1st-floor\/\">La Maison de No\u00e9lie <\/br>1<sup>st<\/sup> floor<\/a><\/h3><\/div><\/div>\t\t\t\t<\/div>\n\t\t\t\t<\/div>\n\t\t\t\t<\/div>\n\t\t<div class=\"elementor-element elementor-element-2f598a0 e-con-full e-flex e-con e-child\" data-id=\"2f598a0\" data-element_type=\"container\" data-e-type=\"container\">\n\t\t\t\t<div class=\"elementor-element elementor-element-da7ea18 elementor-position-top elementor-widget elementor-widget-image-box\" data-id=\"da7ea18\" data-element_type=\"widget\" data-e-type=\"widget\" data-widget_type=\"image-box.default\">\n\t\t\t\t<div class=\"elementor-widget-container\">\n\t\t\t\t\t<div class=\"elementor-image-box-wrapper\"><figure class=\"elementor-image-box-img\"><a href=\"https:\/\/locations-06.fr\/en\/leugenie\/\" tabindex=\"-1\"><img decoding=\"async\" src=\"https:\/\/locations-06.fr\/wp-content\/uploads\/elementor\/thumbs\/20-drone-4-louer-gite-vacances-cote-d-azur-jardin-cannes-nice-cote-d-azur-06-appartement-meuble-sophia-antipolis-opio-direct-particulier-accueil-qwwbibd5f9idn008hb1bl13dpqb9587pk35c294hqo.jpg\" title=\"L&#8217;Eug\u00e9nie\" alt=\"L&#039;Eug\u00e9nie\" loading=\"lazy\" \/><\/a><\/figure><div class=\"elementor-image-box-content\"><h3 class=\"elementor-image-box-title\"><a href=\"https:\/\/locations-06.fr\/en\/leugenie\/\">L'Eug\u00e9nie<\/a><\/h3><\/div><\/div>\t\t\t\t<\/div>\n\t\t\t\t<\/div>\n\t\t\t\t<\/div>\n\t\t<div class=\"elementor-element elementor-element-adecfad e-con-full e-flex e-con e-child\" data-id=\"adecfad\" data-element_type=\"container\" data-e-type=\"container\">\n\t\t\t\t<div class=\"elementor-element elementor-element-0eb02da elementor-position-top elementor-widget elementor-widget-image-box\" data-id=\"0eb02da\" data-element_type=\"widget\" data-e-type=\"widget\" data-widget_type=\"image-box.default\">\n\t\t\t\t<div class=\"elementor-widget-container\">\n\t\t\t\t\t<div class=\"elementor-image-box-wrapper\"><figure class=\"elementor-image-box-img\"><a href=\"https:\/\/locations-06.fr\/en\/la-maison-du-paysan\/\" tabindex=\"-1\"><img decoding=\"async\" src=\"https:\/\/locations-06.fr\/wp-content\/uploads\/20221231_134709-gites-maisons-villas-locations-louer-vacances-cote-d-azur-cannes-antibes-grasse-accueil.jpg\" title=\"\" alt=\"La maison du paysan\" loading=\"lazy\" \/><\/a><\/figure><div class=\"elementor-image-box-content\"><h3 class=\"elementor-image-box-title\"><a href=\"https:\/\/locations-06.fr\/en\/la-maison-du-paysan\/\">La Maison du Paysan<\/a><\/h3><\/div><\/div>\t\t\t\t<\/div>\n\t\t\t\t<\/div>\n\t\t\t\t<\/div>\n\t\t\t\t\t<\/div>\n\t\t\t\t<\/div>\n\t\t\t\t<\/div>\n\t\t","protected":false},"excerpt":{"rendered":"<p>Celebrations &#8211; Activities All June events on the C\u00f4te d&#8217;Azur 11th commedia dell&#8217;arte festival Nice&nbsp; June-July 2026 Mercan&#8217;tour classic&nbsp; Valberg&nbsp; JUne 3, 2026 Piano nocturnes&nbsp; Cagnes sur Mer&nbsp; June-July 2026 Saint Fain\u00e9ant&#8217;s Day&nbsp; Mandelieu-La Napoule&nbsp; June 2026 F\u00eate de la mer et des littoraux Seaside of theAlpes-Maritimes June-July 2026 Les Nuits Carr\u00e9es&nbsp; Antibes&nbsp; June 17 [&hellip;]<\/p>\n","protected":false},"author":2,"featured_media":8618,"comment_status":"closed","ping_status":"closed","sticky":false,"template":"","format":"standard","meta":{"site-sidebar-layout":"default","site-content-layout":"","ast-site-content-layout":"default","site-content-style":"default","site-sidebar-style":"default","ast-global-header-display":"","ast-banner-title-visibility":"","ast-main-header-display":"","ast-hfb-above-header-display":"","ast-hfb-below-header-display":"","ast-hfb-mobile-header-display":"","site-post-title":"","ast-breadcrumbs-content":"","ast-featured-img":"disabled","footer-sml-layout":"","ast-disable-related-posts":"","theme-transparent-header-meta":"","adv-header-id-meta":"","stick-header-meta":"","header-above-stick-meta":"","header-main-stick-meta":"","header-below-stick-meta":"","astra-migrate-meta-layouts":"default","ast-page-background-enabled":"default","ast-page-background-meta":{"desktop":{"background-color":"var(--ast-global-color-4)","background-image":"","background-repeat":"repeat","background-position":"center center","background-size":"auto","background-attachment":"scroll","background-type":"","background-media":"","overlay-type":"","overlay-color":"","overlay-opacity":"","overlay-gradient":""},"tablet":{"background-color":"","background-image":"","background-repeat":"repeat","background-position":"center center","background-size":"auto","background-attachment":"scroll","background-type":"","background-media":"","overlay-type":"","overlay-color":"","overlay-opacity":"","overlay-gradient":""},"mobile":{"background-color":"","background-image":"","background-repeat":"repeat","background-position":"center center","background-size":"auto","background-attachment":"scroll","background-type":"","background-media":"","overlay-type":"","overlay-color":"","overlay-opacity":"","overlay-gradient":""}},"ast-content-background-meta":{"desktop":{"background-color":"var(--ast-global-color-5)","background-image":"","background-repeat":"repeat","background-position":"center center","background-size":"auto","background-attachment":"scroll","background-type":"","background-media":"","overlay-type":"","overlay-color":"","overlay-opacity":"","overlay-gradient":""},"tablet":{"background-color":"var(--ast-global-color-5)","background-image":"","background-repeat":"repeat","background-position":"center center","background-size":"auto","background-attachment":"scroll","background-type":"","background-media":"","overlay-type":"","overlay-color":"","overlay-opacity":"","overlay-gradient":""},"mobile":{"background-color":"var(--ast-global-color-5)","background-image":"","background-repeat":"repeat","background-position":"center center","background-size":"auto","background-attachment":"scroll","background-type":"","background-media":"","overlay-type":"","overlay-color":"","overlay-opacity":"","overlay-gradient":""}},"footnotes":""},"categories":[159],"tags":[135,160,166,161,162,163],"class_list":["post-11275","post","type-post","status-publish","format-standard","has-post-thumbnail","hentry","category-agenda-en","tag-activities","tag-celebrations","tag-events","tag-festivities","tag-holiday-cottage-rental","tag-holiday-cottage-rentals"],"yoast_head":"<!-- This site is optimized with the Yoast SEO plugin v27.5 - https:\/\/yoast.com\/product\/yoast-seo-wordpress\/ -->\n<title>Festivals - Activities, events and festivities on the C\u00f4te d&#039;Azur in June<\/title>\n<meta name=\"description\" content=\"Festivals - Activities, events and festivities on the C\u00f4te d&#039;Azur in June with Locations-06.fr vacation rentals g\u00eete, apartment villa\" \/>\n<meta name=\"robots\" content=\"index, follow, max-snippet:-1, max-image-preview:large, max-video-preview:-1\" \/>\n<link rel=\"canonical\" href=\"https:\/\/locations-06.fr\/en\/festivals-activities-events-and-festivities-on-the-cote-dazur-in-june\/\" \/>\n<meta property=\"og:locale\" content=\"en_US\" \/>\n<meta property=\"og:type\" content=\"article\" \/>\n<meta property=\"og:title\" content=\"Festivals - Activities, events and festivities on the C\u00f4te d&#039;Azur in June\" \/>\n<meta property=\"og:description\" content=\"Festivals - Activities, events and festivities on the C\u00f4te d&#039;Azur in June with Locations-06.fr vacation rentals g\u00eete, apartment villa\" \/>\n<meta property=\"og:url\" content=\"https:\/\/locations-06.fr\/en\/festivals-activities-events-and-festivities-on-the-cote-dazur-in-june\/\" \/>\n<meta property=\"og:site_name\" content=\"Locations-06.fr\" \/>\n<meta property=\"article:publisher\" content=\"https:\/\/www.facebook.com\/pascalecodera0632755107\" \/>\n<meta property=\"article:published_time\" content=\"2024-01-07T08:12:59+00:00\" \/>\n<meta property=\"article:modified_time\" content=\"2026-04-28T19:31:01+00:00\" \/>\n<meta property=\"og:image\" content=\"https:\/\/locations-06.fr\/wp-content\/uploads\/grasse-fete-2-roues-securite-routiere-agenda-manifestations-agenda-cote-dazur.jpg\" \/>\n\t<meta property=\"og:image:width\" content=\"556\" \/>\n\t<meta property=\"og:image:height\" content=\"800\" \/>\n\t<meta property=\"og:image:type\" content=\"image\/jpeg\" \/>\n<meta name=\"author\" content=\"Thierry Codera\" \/>\n<meta name=\"twitter:card\" content=\"summary_large_image\" \/>\n<meta name=\"twitter:creator\" content=\"@locations06\" \/>\n<meta name=\"twitter:site\" content=\"@locations06\" \/>\n<meta name=\"twitter:label1\" content=\"Written by\" \/>\n\t<meta name=\"twitter:data1\" content=\"Thierry Codera\" \/>\n\t<meta name=\"twitter:label2\" content=\"Est. reading time\" \/>\n\t<meta name=\"twitter:data2\" content=\"12 minutes\" \/>\n<script type=\"application\/ld+json\" class=\"yoast-schema-graph\">{\"@context\":\"https:\\\/\\\/schema.org\",\"@graph\":[{\"@type\":\"Article\",\"@id\":\"https:\\\/\\\/locations-06.fr\\\/en\\\/festivals-activities-events-and-festivities-on-the-cote-dazur-in-june\\\/#article\",\"isPartOf\":{\"@id\":\"https:\\\/\\\/locations-06.fr\\\/en\\\/festivals-activities-events-and-festivities-on-the-cote-dazur-in-june\\\/\"},\"author\":{\"name\":\"Thierry Codera\",\"@id\":\"https:\\\/\\\/locations-06.fr\\\/en\\\/#\\\/schema\\\/person\\\/7e0fabdc0e63c5bfcb8cf85597914c75\"},\"headline\":\"Festivals &#8211; Activities, events and festivities on the C\u00f4te d&#8217;Azur in June\",\"datePublished\":\"2024-01-07T08:12:59+00:00\",\"dateModified\":\"2026-04-28T19:31:01+00:00\",\"mainEntityOfPage\":{\"@id\":\"https:\\\/\\\/locations-06.fr\\\/en\\\/festivals-activities-events-and-festivities-on-the-cote-dazur-in-june\\\/\"},\"wordCount\":330,\"publisher\":{\"@id\":\"https:\\\/\\\/locations-06.fr\\\/en\\\/#organization\"},\"image\":{\"@id\":\"https:\\\/\\\/locations-06.fr\\\/en\\\/festivals-activities-events-and-festivities-on-the-cote-dazur-in-june\\\/#primaryimage\"},\"thumbnailUrl\":\"https:\\\/\\\/locations-06.fr\\\/wp-content\\\/uploads\\\/grasse-fete-2-roues-securite-routiere-agenda-manifestations-agenda-cote-dazur.jpg\",\"keywords\":[\"Activities\",\"Celebrations\",\"Events\",\"Festivities\",\"Holiday cottage rental\",\"Holiday cottage rentals\"],\"articleSection\":[\"Agenda\"],\"inLanguage\":\"en-US\"},{\"@type\":\"WebPage\",\"@id\":\"https:\\\/\\\/locations-06.fr\\\/en\\\/festivals-activities-events-and-festivities-on-the-cote-dazur-in-june\\\/\",\"url\":\"https:\\\/\\\/locations-06.fr\\\/en\\\/festivals-activities-events-and-festivities-on-the-cote-dazur-in-june\\\/\",\"name\":\"Festivals - Activities, events and festivities on the C\u00f4te d'Azur in June\",\"isPartOf\":{\"@id\":\"https:\\\/\\\/locations-06.fr\\\/en\\\/#website\"},\"primaryImageOfPage\":{\"@id\":\"https:\\\/\\\/locations-06.fr\\\/en\\\/festivals-activities-events-and-festivities-on-the-cote-dazur-in-june\\\/#primaryimage\"},\"image\":{\"@id\":\"https:\\\/\\\/locations-06.fr\\\/en\\\/festivals-activities-events-and-festivities-on-the-cote-dazur-in-june\\\/#primaryimage\"},\"thumbnailUrl\":\"https:\\\/\\\/locations-06.fr\\\/wp-content\\\/uploads\\\/grasse-fete-2-roues-securite-routiere-agenda-manifestations-agenda-cote-dazur.jpg\",\"datePublished\":\"2024-01-07T08:12:59+00:00\",\"dateModified\":\"2026-04-28T19:31:01+00:00\",\"description\":\"Festivals - Activities, events and festivities on the C\u00f4te d'Azur in June with Locations-06.fr vacation rentals g\u00eete, apartment villa\",\"breadcrumb\":{\"@id\":\"https:\\\/\\\/locations-06.fr\\\/en\\\/festivals-activities-events-and-festivities-on-the-cote-dazur-in-june\\\/#breadcrumb\"},\"inLanguage\":\"en-US\",\"potentialAction\":[{\"@type\":\"ReadAction\",\"target\":[\"https:\\\/\\\/locations-06.fr\\\/en\\\/festivals-activities-events-and-festivities-on-the-cote-dazur-in-june\\\/\"]}]},{\"@type\":\"ImageObject\",\"inLanguage\":\"en-US\",\"@id\":\"https:\\\/\\\/locations-06.fr\\\/en\\\/festivals-activities-events-and-festivities-on-the-cote-dazur-in-june\\\/#primaryimage\",\"url\":\"https:\\\/\\\/locations-06.fr\\\/wp-content\\\/uploads\\\/grasse-fete-2-roues-securite-routiere-agenda-manifestations-agenda-cote-dazur.jpg\",\"contentUrl\":\"https:\\\/\\\/locations-06.fr\\\/wp-content\\\/uploads\\\/grasse-fete-2-roues-securite-routiere-agenda-manifestations-agenda-cote-dazur.jpg\",\"width\":556,\"height\":800},{\"@type\":\"BreadcrumbList\",\"@id\":\"https:\\\/\\\/locations-06.fr\\\/en\\\/festivals-activities-events-and-festivities-on-the-cote-dazur-in-june\\\/#breadcrumb\",\"itemListElement\":[{\"@type\":\"ListItem\",\"position\":1,\"name\":\"Accueil\",\"item\":\"https:\\\/\\\/locations-06.fr\\\/en\\\/french-riviera-vacation-rentals-cottagesand-apartments-near-nice-antibes-cannes-grasse\\\/\"},{\"@type\":\"ListItem\",\"position\":2,\"name\":\"Festivals &#8211; Activities, events and festivities on the C\u00f4te d&rsquo;Azur in June\"}]},{\"@type\":\"WebSite\",\"@id\":\"https:\\\/\\\/locations-06.fr\\\/en\\\/#website\",\"url\":\"https:\\\/\\\/locations-06.fr\\\/en\\\/\",\"name\":\"Locations-06.fr\",\"description\":\"Locations Gites en France sur la C\u00f4te d&#039;Azur - Appartements et Villas - gite, location de vacances et pas cher\",\"publisher\":{\"@id\":\"https:\\\/\\\/locations-06.fr\\\/en\\\/#organization\"},\"alternateName\":\"Locations-06.fr\",\"potentialAction\":[{\"@type\":\"SearchAction\",\"target\":{\"@type\":\"EntryPoint\",\"urlTemplate\":\"https:\\\/\\\/locations-06.fr\\\/en\\\/?s={search_term_string}\"},\"query-input\":{\"@type\":\"PropertyValueSpecification\",\"valueRequired\":true,\"valueName\":\"search_term_string\"}}],\"inLanguage\":\"en-US\"},{\"@type\":\"Organization\",\"@id\":\"https:\\\/\\\/locations-06.fr\\\/en\\\/#organization\",\"name\":\"Locations-06.fr\",\"alternateName\":\"Locations-06.fr\",\"url\":\"https:\\\/\\\/locations-06.fr\\\/en\\\/\",\"logo\":{\"@type\":\"ImageObject\",\"inLanguage\":\"en-US\",\"@id\":\"https:\\\/\\\/locations-06.fr\\\/en\\\/#\\\/schema\\\/logo\\\/image\\\/\",\"url\":\"https:\\\/\\\/locations-06.fr\\\/wp-content\\\/uploads\\\/location-06-logo.png\",\"contentUrl\":\"https:\\\/\\\/locations-06.fr\\\/wp-content\\\/uploads\\\/location-06-logo.png\",\"width\":180,\"height\":105,\"caption\":\"Locations-06.fr\"},\"image\":{\"@id\":\"https:\\\/\\\/locations-06.fr\\\/en\\\/#\\\/schema\\\/logo\\\/image\\\/\"},\"sameAs\":[\"https:\\\/\\\/www.facebook.com\\\/pascalecodera0632755107\",\"https:\\\/\\\/x.com\\\/locations06\",\"https:\\\/\\\/www.instagram.com\\\/locations_06\\\/?hl=fr\"]},{\"@type\":\"Person\",\"@id\":\"https:\\\/\\\/locations-06.fr\\\/en\\\/#\\\/schema\\\/person\\\/7e0fabdc0e63c5bfcb8cf85597914c75\",\"name\":\"Thierry Codera\",\"image\":{\"@type\":\"ImageObject\",\"inLanguage\":\"en-US\",\"@id\":\"https:\\\/\\\/secure.gravatar.com\\\/avatar\\\/daabd1b4f921477ba5abc09f158c7680c384e4a86a936c55626ece37423effb6?s=96&d=mm&r=g\",\"url\":\"https:\\\/\\\/secure.gravatar.com\\\/avatar\\\/daabd1b4f921477ba5abc09f158c7680c384e4a86a936c55626ece37423effb6?s=96&d=mm&r=g\",\"contentUrl\":\"https:\\\/\\\/secure.gravatar.com\\\/avatar\\\/daabd1b4f921477ba5abc09f158c7680c384e4a86a936c55626ece37423effb6?s=96&d=mm&r=g\",\"caption\":\"Thierry Codera\"},\"sameAs\":[\"https:\\\/\\\/locations-06.fr\"],\"url\":\"https:\\\/\\\/locations-06.fr\\\/en\\\/author\\\/thierry-codera\\\/\"}]}<\/script>\n<!-- \/ Yoast SEO plugin. -->","yoast_head_json":{"title":"Festivals - Activities, events and festivities on the C\u00f4te d'Azur in June","description":"Festivals - Activities, events and festivities on the C\u00f4te d'Azur in June with Locations-06.fr vacation rentals g\u00eete, apartment villa","robots":{"index":"index","follow":"follow","max-snippet":"max-snippet:-1","max-image-preview":"max-image-preview:large","max-video-preview":"max-video-preview:-1"},"canonical":"https:\/\/locations-06.fr\/en\/festivals-activities-events-and-festivities-on-the-cote-dazur-in-june\/","og_locale":"en_US","og_type":"article","og_title":"Festivals - Activities, events and festivities on the C\u00f4te d'Azur in June","og_description":"Festivals - Activities, events and festivities on the C\u00f4te d'Azur in June with Locations-06.fr vacation rentals g\u00eete, apartment villa","og_url":"https:\/\/locations-06.fr\/en\/festivals-activities-events-and-festivities-on-the-cote-dazur-in-june\/","og_site_name":"Locations-06.fr","article_publisher":"https:\/\/www.facebook.com\/pascalecodera0632755107","article_published_time":"2024-01-07T08:12:59+00:00","article_modified_time":"2026-04-28T19:31:01+00:00","og_image":[{"width":556,"height":800,"url":"https:\/\/locations-06.fr\/wp-content\/uploads\/grasse-fete-2-roues-securite-routiere-agenda-manifestations-agenda-cote-dazur.jpg","type":"image\/jpeg"}],"author":"Thierry Codera","twitter_card":"summary_large_image","twitter_creator":"@locations06","twitter_site":"@locations06","twitter_misc":{"Written by":"Thierry Codera","Est. reading time":"12 minutes"},"schema":{"@context":"https:\/\/schema.org","@graph":[{"@type":"Article","@id":"https:\/\/locations-06.fr\/en\/festivals-activities-events-and-festivities-on-the-cote-dazur-in-june\/#article","isPartOf":{"@id":"https:\/\/locations-06.fr\/en\/festivals-activities-events-and-festivities-on-the-cote-dazur-in-june\/"},"author":{"name":"Thierry Codera","@id":"https:\/\/locations-06.fr\/en\/#\/schema\/person\/7e0fabdc0e63c5bfcb8cf85597914c75"},"headline":"Festivals &#8211; Activities, events and festivities on the C\u00f4te d&#8217;Azur in June","datePublished":"2024-01-07T08:12:59+00:00","dateModified":"2026-04-28T19:31:01+00:00","mainEntityOfPage":{"@id":"https:\/\/locations-06.fr\/en\/festivals-activities-events-and-festivities-on-the-cote-dazur-in-june\/"},"wordCount":330,"publisher":{"@id":"https:\/\/locations-06.fr\/en\/#organization"},"image":{"@id":"https:\/\/locations-06.fr\/en\/festivals-activities-events-and-festivities-on-the-cote-dazur-in-june\/#primaryimage"},"thumbnailUrl":"https:\/\/locations-06.fr\/wp-content\/uploads\/grasse-fete-2-roues-securite-routiere-agenda-manifestations-agenda-cote-dazur.jpg","keywords":["Activities","Celebrations","Events","Festivities","Holiday cottage rental","Holiday cottage rentals"],"articleSection":["Agenda"],"inLanguage":"en-US"},{"@type":"WebPage","@id":"https:\/\/locations-06.fr\/en\/festivals-activities-events-and-festivities-on-the-cote-dazur-in-june\/","url":"https:\/\/locations-06.fr\/en\/festivals-activities-events-and-festivities-on-the-cote-dazur-in-june\/","name":"Festivals - Activities, events and festivities on the C\u00f4te d'Azur in June","isPartOf":{"@id":"https:\/\/locations-06.fr\/en\/#website"},"primaryImageOfPage":{"@id":"https:\/\/locations-06.fr\/en\/festivals-activities-events-and-festivities-on-the-cote-dazur-in-june\/#primaryimage"},"image":{"@id":"https:\/\/locations-06.fr\/en\/festivals-activities-events-and-festivities-on-the-cote-dazur-in-june\/#primaryimage"},"thumbnailUrl":"https:\/\/locations-06.fr\/wp-content\/uploads\/grasse-fete-2-roues-securite-routiere-agenda-manifestations-agenda-cote-dazur.jpg","datePublished":"2024-01-07T08:12:59+00:00","dateModified":"2026-04-28T19:31:01+00:00","description":"Festivals - Activities, events and festivities on the C\u00f4te d'Azur in June with Locations-06.fr vacation rentals g\u00eete, apartment villa","breadcrumb":{"@id":"https:\/\/locations-06.fr\/en\/festivals-activities-events-and-festivities-on-the-cote-dazur-in-june\/#breadcrumb"},"inLanguage":"en-US","potentialAction":[{"@type":"ReadAction","target":["https:\/\/locations-06.fr\/en\/festivals-activities-events-and-festivities-on-the-cote-dazur-in-june\/"]}]},{"@type":"ImageObject","inLanguage":"en-US","@id":"https:\/\/locations-06.fr\/en\/festivals-activities-events-and-festivities-on-the-cote-dazur-in-june\/#primaryimage","url":"https:\/\/locations-06.fr\/wp-content\/uploads\/grasse-fete-2-roues-securite-routiere-agenda-manifestations-agenda-cote-dazur.jpg","contentUrl":"https:\/\/locations-06.fr\/wp-content\/uploads\/grasse-fete-2-roues-securite-routiere-agenda-manifestations-agenda-cote-dazur.jpg","width":556,"height":800},{"@type":"BreadcrumbList","@id":"https:\/\/locations-06.fr\/en\/festivals-activities-events-and-festivities-on-the-cote-dazur-in-june\/#breadcrumb","itemListElement":[{"@type":"ListItem","position":1,"name":"Accueil","item":"https:\/\/locations-06.fr\/en\/french-riviera-vacation-rentals-cottagesand-apartments-near-nice-antibes-cannes-grasse\/"},{"@type":"ListItem","position":2,"name":"Festivals &#8211; Activities, events and festivities on the C\u00f4te d&rsquo;Azur in June"}]},{"@type":"WebSite","@id":"https:\/\/locations-06.fr\/en\/#website","url":"https:\/\/locations-06.fr\/en\/","name":"Locations-06.fr","description":"Locations Gites en France sur la C\u00f4te d&#039;Azur - Appartements et Villas - gite, location de vacances et pas cher","publisher":{"@id":"https:\/\/locations-06.fr\/en\/#organization"},"alternateName":"Locations-06.fr","potentialAction":[{"@type":"SearchAction","target":{"@type":"EntryPoint","urlTemplate":"https:\/\/locations-06.fr\/en\/?s={search_term_string}"},"query-input":{"@type":"PropertyValueSpecification","valueRequired":true,"valueName":"search_term_string"}}],"inLanguage":"en-US"},{"@type":"Organization","@id":"https:\/\/locations-06.fr\/en\/#organization","name":"Locations-06.fr","alternateName":"Locations-06.fr","url":"https:\/\/locations-06.fr\/en\/","logo":{"@type":"ImageObject","inLanguage":"en-US","@id":"https:\/\/locations-06.fr\/en\/#\/schema\/logo\/image\/","url":"https:\/\/locations-06.fr\/wp-content\/uploads\/location-06-logo.png","contentUrl":"https:\/\/locations-06.fr\/wp-content\/uploads\/location-06-logo.png","width":180,"height":105,"caption":"Locations-06.fr"},"image":{"@id":"https:\/\/locations-06.fr\/en\/#\/schema\/logo\/image\/"},"sameAs":["https:\/\/www.facebook.com\/pascalecodera0632755107","https:\/\/x.com\/locations06","https:\/\/www.instagram.com\/locations_06\/?hl=fr"]},{"@type":"Person","@id":"https:\/\/locations-06.fr\/en\/#\/schema\/person\/7e0fabdc0e63c5bfcb8cf85597914c75","name":"Thierry Codera","image":{"@type":"ImageObject","inLanguage":"en-US","@id":"https:\/\/secure.gravatar.com\/avatar\/daabd1b4f921477ba5abc09f158c7680c384e4a86a936c55626ece37423effb6?s=96&d=mm&r=g","url":"https:\/\/secure.gravatar.com\/avatar\/daabd1b4f921477ba5abc09f158c7680c384e4a86a936c55626ece37423effb6?s=96&d=mm&r=g","contentUrl":"https:\/\/secure.gravatar.com\/avatar\/daabd1b4f921477ba5abc09f158c7680c384e4a86a936c55626ece37423effb6?s=96&d=mm&r=g","caption":"Thierry Codera"},"sameAs":["https:\/\/locations-06.fr"],"url":"https:\/\/locations-06.fr\/en\/author\/thierry-codera\/"}]}},"_links":{"self":[{"href":"https:\/\/locations-06.fr\/en\/wp-json\/wp\/v2\/posts\/11275","targetHints":{"allow":["GET"]}}],"collection":[{"href":"https:\/\/locations-06.fr\/en\/wp-json\/wp\/v2\/posts"}],"about":[{"href":"https:\/\/locations-06.fr\/en\/wp-json\/wp\/v2\/types\/post"}],"author":[{"embeddable":true,"href":"https:\/\/locations-06.fr\/en\/wp-json\/wp\/v2\/users\/2"}],"replies":[{"embeddable":true,"href":"https:\/\/locations-06.fr\/en\/wp-json\/wp\/v2\/comments?post=11275"}],"version-history":[{"count":47,"href":"https:\/\/locations-06.fr\/en\/wp-json\/wp\/v2\/posts\/11275\/revisions"}],"predecessor-version":[{"id":31676,"href":"https:\/\/locations-06.fr\/en\/wp-json\/wp\/v2\/posts\/11275\/revisions\/31676"}],"wp:featuredmedia":[{"embeddable":true,"href":"https:\/\/locations-06.fr\/en\/wp-json\/wp\/v2\/media\/8618"}],"wp:attachment":[{"href":"https:\/\/locations-06.fr\/en\/wp-json\/wp\/v2\/media?parent=11275"}],"wp:term":[{"taxonomy":"category","embeddable":true,"href":"https:\/\/locations-06.fr\/en\/wp-json\/wp\/v2\/categories?post=11275"},{"taxonomy":"post_tag","embeddable":true,"href":"https:\/\/locations-06.fr\/en\/wp-json\/wp\/v2\/tags?post=11275"}],"curies":[{"name":"wp","href":"https:\/\/api.w.org\/{rel}","templated":true}]}}