{"id":14834,"date":"2021-11-20T13:45:00","date_gmt":"2021-11-20T12:45:00","guid":{"rendered":"https:\/\/locations-06.fr\/wenn-die-natur-ueber-cannes-hereinbricht\/"},"modified":"2024-12-23T19:32:07","modified_gmt":"2024-12-23T18:32:07","slug":"wenn-die-natur-ueber-cannes-hereinbricht","status":"publish","type":"post","link":"https:\/\/locations-06.fr\/de\/wenn-die-natur-ueber-cannes-hereinbricht\/","title":{"rendered":"Wenn die Natur \u00fcber Cannes hereinbricht"},"content":{"rendered":"\t\t<div data-elementor-type=\"wp-post\" data-elementor-id=\"14834\" class=\"elementor elementor-14834 elementor-4547\">\n\t\t\t\t<div class=\"elementor-element elementor-element-9097a7b e-flex e-con-boxed e-con e-parent\" data-id=\"9097a7b\" data-element_type=\"container\" data-e-type=\"container\">\n\t\t\t\t\t<div class=\"e-con-inner\">\n\t\t\t\t<div class=\"elementor-element elementor-element-6b52fc2 elementor-widget elementor-widget-text-editor\" data-id=\"6b52fc2\" data-element_type=\"widget\" data-e-type=\"widget\" data-widget_type=\"text-editor.default\">\n\t\t\t\t<div class=\"elementor-widget-container\">\n\t\t\t\t\t\t\t\t\t<p>Wenn die Natur \u00fcber Cannes hereinbricht<\/p>\n\t\t\t\t\t\t\t\t<\/div>\n\t\t\t\t<\/div>\n\t\t\t\t\t<\/div>\n\t\t\t\t<\/div>\n\t\t<div class=\"elementor-element elementor-element-f98cd82 e-flex e-con-boxed e-con e-parent\" data-id=\"f98cd82\" data-element_type=\"container\" data-e-type=\"container\">\n\t\t\t\t\t<div class=\"e-con-inner\">\n\t\t<div class=\"elementor-element elementor-element-7dd76a8 e-con-full e-flex e-con e-child\" data-id=\"7dd76a8\" data-element_type=\"container\" data-e-type=\"container\">\n\t\t\t\t<div class=\"elementor-element elementor-element-de2f29f elementor-widget elementor-widget-heading\" data-id=\"de2f29f\" data-element_type=\"widget\" data-e-type=\"widget\" data-widget_type=\"heading.default\">\n\t\t\t\t<div class=\"elementor-widget-container\">\n\t\t\t\t\t<h2 class=\"elementor-heading-title elementor-size-default\">Cannes und Natur<\/h2>\t\t\t\t<\/div>\n\t\t\t\t<\/div>\n\t\t\t\t<div class=\"elementor-element elementor-element-5b9ca2e elementor-widget elementor-widget-text-editor\" data-id=\"5b9ca2e\" data-element_type=\"widget\" data-e-type=\"widget\" data-widget_type=\"text-editor.default\">\n\t\t\t\t<div class=\"elementor-widget-container\">\n\t\t\t\t\t\t\t\t\t<p>30 Minuten von unseren <a href=\"https:\/\/locations-06.fr\/de\/la-pascaline\/\">Ferienwohnungen in der N\u00e4he von Cannes<\/a>, <a href=\"https:\/\/locations-06.fr\/de\/\">locations-06<\/a> in Bar sur Loup entfernt, kommt die Natur auch in die Stadt. Auch am Meer machen die B\u00e4ume Urlaub <\/p>\n\t\t\t\t\t\t\t\t<\/div>\n\t\t\t\t<\/div>\n\t\t\t\t<\/div>\n\t\t<div class=\"elementor-element elementor-element-a40fd3e e-con-full e-flex e-con e-child\" data-id=\"a40fd3e\" data-element_type=\"container\" data-e-type=\"container\">\n\t\t\t\t<div class=\"elementor-element elementor-element-2d770d5 elementor-arrows-position-inside elementor-pagination-position-outside elementor-widget elementor-widget-image-carousel\" data-id=\"2d770d5\" data-element_type=\"widget\" data-e-type=\"widget\" data-settings=\"{&quot;slides_to_show&quot;:&quot;3&quot;,&quot;slides_to_scroll&quot;:&quot;1&quot;,&quot;image_spacing_custom&quot;:{&quot;unit&quot;:&quot;px&quot;,&quot;size&quot;:10,&quot;sizes&quot;:[]},&quot;navigation&quot;:&quot;both&quot;,&quot;autoplay&quot;:&quot;yes&quot;,&quot;pause_on_hover&quot;:&quot;yes&quot;,&quot;pause_on_interaction&quot;:&quot;yes&quot;,&quot;autoplay_speed&quot;:5000,&quot;infinite&quot;:&quot;yes&quot;,&quot;speed&quot;:500,&quot;image_spacing_custom_tablet&quot;:{&quot;unit&quot;:&quot;px&quot;,&quot;size&quot;:&quot;&quot;,&quot;sizes&quot;:[]},&quot;image_spacing_custom_mobile&quot;:{&quot;unit&quot;:&quot;px&quot;,&quot;size&quot;:&quot;&quot;,&quot;sizes&quot;:[]}}\" data-widget_type=\"image-carousel.default\">\n\t\t\t\t<div class=\"elementor-widget-container\">\n\t\t\t\t\t\t\t<div class=\"elementor-image-carousel-wrapper swiper\" role=\"region\" aria-roledescription=\"carousel\" aria-label=\"Carrousel d\u2019images\" dir=\"ltr\">\n\t\t\t<div class=\"elementor-image-carousel swiper-wrapper\" aria-live=\"off\">\n\t\t\t\t\t\t\t\t<div class=\"swiper-slide\" role=\"group\" aria-roledescription=\"slide\" aria-label=\"1 von 3\"><a data-elementor-open-lightbox=\"yes\" data-elementor-lightbox-slideshow=\"2d770d5\" data-elementor-lightbox-title=\"arbres-nature-cannes-vacances-hiver-cote-d-azur-01-q3royqumeddc2fpb1bawx21wkwuv9wk867ppj78228\" data-e-action-hash=\"#elementor-action%3Aaction%3Dlightbox%26settings%3DeyJpZCI6OTY4NSwidXJsIjoiaHR0cHM6XC9cL2xvY2F0aW9ucy0wNi5mclwvd3AtY29udGVudFwvdXBsb2Fkc1wvYXJicmVzLW5hdHVyZS1jYW5uZXMtdmFjYW5jZXMtaGl2ZXItY290ZS1kLWF6dXItMDEtcTNyb3lxdW1lZGRjMmZwYjFiYXd4MjF3a3d1djl3azg2N3Bwajc4MjI4LmpwZyIsInNsaWRlc2hvdyI6IjJkNzcwZDUifQ%3D%3D\" href=\"https:\/\/locations-06.fr\/wp-content\/uploads\/arbres-nature-cannes-vacances-hiver-cote-d-azur-01-q3royqumeddc2fpb1bawx21wkwuv9wk867ppj78228.jpg\"><figure class=\"swiper-slide-inner\"><img decoding=\"async\" class=\"swiper-slide-image\" src=\"https:\/\/locations-06.fr\/wp-content\/uploads\/elementor\/thumbs\/arbres-nature-cannes-vacances-hiver-cote-d-azur-01-q3royqumeddc2fpb1bawx21wkwuv9wk867ppj78228-qwwbih0ddux7uxq3ckfp6nuygzluvto8dbyo514meo.jpg\" alt=\"arbres-nature-cannes-vacances-hiver-cote-d-azur-01-q3royqumeddc2fpb1bawx21wkwuv9wk867ppj78228\" \/><\/figure><\/a><\/div><div class=\"swiper-slide\" role=\"group\" aria-roledescription=\"slide\" aria-label=\"2 von 3\"><a data-elementor-open-lightbox=\"yes\" data-elementor-lightbox-slideshow=\"2d770d5\" data-elementor-lightbox-title=\"arbres-nature-cannes-vacances-hiver-cote-d-azur-03-q3qo1rrdm03r2442bcv42x38pt7dbtmh4eejobphf4\" data-e-action-hash=\"#elementor-action%3Aaction%3Dlightbox%26settings%3DeyJpZCI6OTY4NywidXJsIjoiaHR0cHM6XC9cL2xvY2F0aW9ucy0wNi5mclwvd3AtY29udGVudFwvdXBsb2Fkc1wvYXJicmVzLW5hdHVyZS1jYW5uZXMtdmFjYW5jZXMtaGl2ZXItY290ZS1kLWF6dXItMDMtcTNxbzFycmRtMDNyMjQ0MmJjdjQyeDM4cHQ3ZGJ0bWg0ZWVqb2JwaGY0LmpwZyIsInNsaWRlc2hvdyI6IjJkNzcwZDUifQ%3D%3D\" href=\"https:\/\/locations-06.fr\/wp-content\/uploads\/arbres-nature-cannes-vacances-hiver-cote-d-azur-03-q3qo1rrdm03r2442bcv42x38pt7dbtmh4eejobphf4.jpg\"><figure class=\"swiper-slide-inner\"><img decoding=\"async\" class=\"swiper-slide-image\" src=\"https:\/\/locations-06.fr\/wp-content\/uploads\/elementor\/thumbs\/arbres-nature-cannes-vacances-hiver-cote-d-azur-03-q3qo1rrdm03r2442bcv42x38pt7dbtmh4eejobphf4-qwwbih0ddux7uxq3ckfp6nuygzluvto8dbyo514meo.jpg\" alt=\"arbres-nature-cannes-vacances-hiver-cote-d-azur-03-q3qo1rrdm03r2442bcv42x38pt7dbtmh4eejobphf4\" \/><\/figure><\/a><\/div><div class=\"swiper-slide\" role=\"group\" aria-roledescription=\"slide\" aria-label=\"3 von 3\"><a data-elementor-open-lightbox=\"yes\" data-elementor-lightbox-slideshow=\"2d770d5\" data-elementor-lightbox-title=\"arbres-nature-cannes-vacances-hiver-cote-d-azur-04-q3rmq80cxb51h0o18i9hbdkcklqvvcw13ns9hum73k\" data-e-action-hash=\"#elementor-action%3Aaction%3Dlightbox%26settings%3DeyJpZCI6OTY4OSwidXJsIjoiaHR0cHM6XC9cL2xvY2F0aW9ucy0wNi5mclwvd3AtY29udGVudFwvdXBsb2Fkc1wvYXJicmVzLW5hdHVyZS1jYW5uZXMtdmFjYW5jZXMtaGl2ZXItY290ZS1kLWF6dXItMDQtcTNybXE4MGN4YjUxaDBvMThpOWhiZGtja2xxdnZjdzEzbnM5aHVtNzNrLmpwZyIsInNsaWRlc2hvdyI6IjJkNzcwZDUifQ%3D%3D\" href=\"https:\/\/locations-06.fr\/wp-content\/uploads\/arbres-nature-cannes-vacances-hiver-cote-d-azur-04-q3rmq80cxb51h0o18i9hbdkcklqvvcw13ns9hum73k.jpg\"><figure class=\"swiper-slide-inner\"><img decoding=\"async\" class=\"swiper-slide-image\" src=\"https:\/\/locations-06.fr\/wp-content\/uploads\/elementor\/thumbs\/arbres-nature-cannes-vacances-hiver-cote-d-azur-04-q3rmq80cxb51h0o18i9hbdkcklqvvcw13ns9hum73k-qwwbih0ddux7uxq3ckfp6nuygzluvto8dbyo514meo.jpg\" alt=\"arbres-nature-cannes-vacances-hiver-cote-d-azur-04-q3rmq80cxb51h0o18i9hbdkcklqvvcw13ns9hum73k\" \/><\/figure><\/a><\/div>\t\t\t<\/div>\n\t\t\t\t\t\t\t\t\t\t\t\t<div class=\"elementor-swiper-button elementor-swiper-button-prev\" role=\"button\" tabindex=\"0\">\n\t\t\t\t\t\t<svg aria-hidden=\"true\" class=\"e-font-icon-svg e-eicon-chevron-left\" viewBox=\"0 0 1000 1000\" xmlns=\"http:\/\/www.w3.org\/2000\/svg\"><path d=\"M646 125C629 125 613 133 604 142L308 442C296 454 292 471 292 487 292 504 296 521 308 533L604 854C617 867 629 875 646 875 663 875 679 871 692 858 704 846 713 829 713 812 713 796 708 779 692 767L438 487 692 225C700 217 708 204 708 187 708 171 704 154 692 142 675 129 663 125 646 125Z\"><\/path><\/svg>\t\t\t\t\t<\/div>\n\t\t\t\t\t<div class=\"elementor-swiper-button elementor-swiper-button-next\" role=\"button\" tabindex=\"0\">\n\t\t\t\t\t\t<svg aria-hidden=\"true\" class=\"e-font-icon-svg e-eicon-chevron-right\" viewBox=\"0 0 1000 1000\" xmlns=\"http:\/\/www.w3.org\/2000\/svg\"><path d=\"M696 533C708 521 713 504 713 487 713 471 708 454 696 446L400 146C388 133 375 125 354 125 338 125 325 129 313 142 300 154 292 171 292 187 292 204 296 221 308 233L563 492 304 771C292 783 288 800 288 817 288 833 296 850 308 863 321 871 338 875 354 875 371 875 388 867 400 854L696 533Z\"><\/path><\/svg>\t\t\t\t\t<\/div>\n\t\t\t\t\n\t\t\t\t\t\t\t\t\t<div class=\"swiper-pagination\"><\/div>\n\t\t\t\t\t\t\t\t\t<\/div>\n\t\t\t\t\t\t<\/div>\n\t\t\t\t<\/div>\n\t\t\t\t<\/div>\n\t\t\t\t\t<\/div>\n\t\t\t\t<\/div>\n\t\t<div class=\"elementor-element elementor-element-78d3bdad e-flex e-con-boxed e-con e-parent\" data-id=\"78d3bdad\" data-element_type=\"container\" data-e-type=\"container\">\n\t\t\t\t\t<div class=\"e-con-inner\">\n\t\t<div class=\"elementor-element elementor-element-37c20e4c e-con-full e-flex e-con e-child\" data-id=\"37c20e4c\" data-element_type=\"container\" data-e-type=\"container\">\n\t\t\t\t<div class=\"elementor-element elementor-element-8dc2836 elementor-widget elementor-widget-text-editor\" data-id=\"8dc2836\" data-element_type=\"widget\" data-e-type=\"widget\" data-widget_type=\"text-editor.default\">\n\t\t\t\t<div class=\"elementor-widget-container\">\n\t\t\t\t\t\t\t\t\t<p>Teilen Sie diesen Artikel in sozialen Netzwerken<\/p>\n\t\t\t\t\t\t\t\t<\/div>\n\t\t\t\t<\/div>\n\t\t\t\t<\/div>\n\t\t<div class=\"elementor-element elementor-element-1676ecc2 e-con-full e-flex e-con e-child\" data-id=\"1676ecc2\" data-element_type=\"container\" data-e-type=\"container\">\n\t\t\t\t<div class=\"elementor-element elementor-element-1095398 elementor-widget elementor-widget-html\" data-id=\"1095398\" data-element_type=\"widget\" data-e-type=\"widget\" data-widget_type=\"html.default\">\n\t\t\t\t<div class=\"elementor-widget-container\">\n\t\t\t\t\t<button class=\"facebook-share-button\" onclick=\"partagerSurFacebook()\">\n    <img decoding=\"async\" src=\"https:\/\/upload.wikimedia.org\/wikipedia\/commons\/5\/51\/Facebook_f_logo_%282019%29.svg\" alt=\"Facebook Logo\" style=\"width:16px; height:16px; vertical-align:middle; margin-right: 8px;\">\n Facebook\n<\/button>\n\n<style>\n    .facebook-share-button {\n        background-color: #1877f2;\n        color: #fff;\n        border: none;\n        padding: 10px 20px;\n        font-size: 16px;\n        font-family: Arial, sans-serif;\n        border-radius: 5px;\n        cursor: pointer;\n        display: inline-flex;\n        align-items: center;\n    }\n    .facebook-share-button:hover {\n        background-color: #155bc3;\n    }\n    .facebook-share-button img {\n        width: 16px;\n        height: 16px;\n    }\n<\/style>\n\n<script>\n    function partagerSurFacebook() {\n        const url = encodeURIComponent(window.location.href);\n        const partageURL = `https:\/\/www.facebook.com\/sharer\/sharer.php?u=${url}`;\n        window.open(partageURL, 'Partager sur Facebook', 'width=600,height=400');\n    }\n<\/script>\n\t\t\t\t<\/div>\n\t\t\t\t<\/div>\n\t\t\t\t<\/div>\n\t\t<div class=\"elementor-element elementor-element-179191d8 e-con-full e-flex e-con e-child\" data-id=\"179191d8\" data-element_type=\"container\" data-e-type=\"container\">\n\t\t\t\t<div class=\"elementor-element elementor-element-4edd4330 elementor-widget elementor-widget-html\" data-id=\"4edd4330\" data-element_type=\"widget\" data-e-type=\"widget\" data-widget_type=\"html.default\">\n\t\t\t\t<div class=\"elementor-widget-container\">\n\t\t\t\t\t<button class=\"instagram-share-button\" onclick=\"ouvrirInstagram()\">\n    <img decoding=\"async\" src=\"https:\/\/upload.wikimedia.org\/wikipedia\/commons\/a\/a5\/Instagram_icon.png\" alt=\"Instagram Logo\" style=\"width:16px; height:16px; vertical-align:middle; margin-right: 8px;\">\n Instagram\n<\/button>\n\n<style>\n    .instagram-share-button {\n        background: radial-gradient(circle at 30% 107%, #fdf497 0%, #fdf497 5%, #fd5949 45%, #d6249f 60%, #285AEB 90%);\n        color: #fff;\n        border: none;\n        padding: 10px 20px;\n        font-size: 16px;\n        font-family: Arial, sans-serif;\n        border-radius: 5px;\n        cursor: pointer;\n        display: inline-flex;\n        align-items: center;\n    }\n    .instagram-share-button:hover {\n        opacity: 0.9;\n    }\n    .instagram-share-button img {\n        width: 16px;\n        height: 16px;\n    }\n<\/style>\n\n<script>\n    function ouvrirInstagram() {\n        const url = encodeURIComponent(window.location.href); \/\/ URL de la page actuelle\n        const instagramProfileURL = `https:\/\/www.instagram.com\/?url=${url}`; \/\/ Redirige vers Instagram\n        window.open(instagramProfileURL, 'Partager sur Instagram', 'width=600,height=400');\n    }\n<\/script>\n\t\t\t\t<\/div>\n\t\t\t\t<\/div>\n\t\t\t\t<\/div>\n\t\t<div class=\"elementor-element elementor-element-792b06c6 e-con-full e-flex e-con e-child\" data-id=\"792b06c6\" data-element_type=\"container\" data-e-type=\"container\">\n\t\t\t\t<div class=\"elementor-element elementor-element-723d7081 elementor-widget elementor-widget-html\" data-id=\"723d7081\" data-element_type=\"widget\" data-e-type=\"widget\" data-widget_type=\"html.default\">\n\t\t\t\t<div class=\"elementor-widget-container\">\n\t\t\t\t\t<button class=\"twitter-share-button\" onclick=\"partagerSurTwitter()\">\n    <span style=\"display: inline-flex; align-items: center;\">\n        <svg xmlns=\"http:\/\/www.w3.org\/2000\/svg\" width=\"16\" height=\"16\" viewbox=\"0 0 24 24\" fill=\"#fff\" style=\"margin-right: 8px;\">\n            <path d=\"M24 4.557a9.83 9.83 0 0 1-2.828.775 4.932 4.932 0 0 0 2.165-2.724 9.864 9.864 0 0 1-3.127 1.195 4.92 4.92 0 0 0-8.384 4.482A13.978 13.978 0 0 1 1.671 3.149 4.92 4.92 0 0 0 3.195 9.72a4.904 4.904 0 0 1-2.229-.616v.061a4.92 4.92 0 0 0 3.946 4.827 4.936 4.936 0 0 1-2.224.084 4.92 4.92 0 0 0 4.6 3.419A9.868 9.868 0 0 1 0 19.539a13.94 13.94 0 0 0 7.548 2.213c9.057 0 14.007-7.496 14.007-13.986 0-.213-.005-.425-.014-.636A10.012 10.012 0 0 0 24 4.557z\"\/>\n        <\/svg>\n Twitter\n    <\/span>\n<\/button>\n\n<style>\n    .twitter-share-button {\n        background-color: #1DA1F2;\n        color: #fff;\n        border: none;\n        padding: 10px 20px;\n        font-size: 16px;\n        font-family: Arial, sans-serif;\n        border-radius: 5px;\n        cursor: pointer;\n        display: inline-flex;\n        align-items: center;\n    }\n    .twitter-share-button:hover {\n        background-color: #0d8dd8;\n    }\n<\/style>\n\n<script>\n    function partagerSurTwitter() {\n        const url = encodeURIComponent(window.location.href); \/\/ URL de la page actuelle\n        const texte = encodeURIComponent(\"D\u00e9couvrez cette page incroyable !\"); \/\/ Texte personnalis\u00e9\n        const partageURL = `https:\/\/twitter.com\/intent\/tweet?url=${url}&text=${texte}`;\n        \n        window.open(partageURL, 'Partager sur Twitter', 'width=600,height=400');\n    }\n<\/script>\n\t\t\t\t<\/div>\n\t\t\t\t<\/div>\n\t\t\t\t<\/div>\n\t\t\t\t\t<\/div>\n\t\t\t\t<\/div>\n\t\t<div class=\"elementor-element elementor-element-0f5ac6c e-flex e-con-boxed e-con e-parent\" data-id=\"0f5ac6c\" data-element_type=\"container\" data-e-type=\"container\">\n\t\t\t\t\t<div class=\"e-con-inner\">\n\t\t\t\t<div class=\"elementor-element elementor-element-b151be1 elementor-widget-divider--view-line elementor-widget elementor-widget-divider\" data-id=\"b151be1\" data-element_type=\"widget\" data-e-type=\"widget\" data-widget_type=\"divider.default\">\n\t\t\t\t<div class=\"elementor-widget-container\">\n\t\t\t\t\t\t\t<div class=\"elementor-divider\">\n\t\t\t<span class=\"elementor-divider-separator\">\n\t\t\t\t\t\t<\/span>\n\t\t<\/div>\n\t\t\t\t\t\t<\/div>\n\t\t\t\t<\/div>\n\t\t\t\t<div class=\"elementor-element elementor-element-fd4a233 elementor-widget elementor-widget-heading\" data-id=\"fd4a233\" data-element_type=\"widget\" data-e-type=\"widget\" data-widget_type=\"heading.default\">\n\t\t\t\t<div class=\"elementor-widget-container\">\n\t\t\t\t\t<h2 class=\"elementor-heading-title elementor-size-default\">Entdecken Sie unsere Lodges und Villen f\u00fcr Ihren Urlaub an der C\u00f4te d\u2019Azur <\/h2>\t\t\t\t<\/div>\n\t\t\t\t<\/div>\n\t\t\t\t\t<\/div>\n\t\t\t\t<\/div>\n\t\t<div class=\"elementor-element elementor-element-5a90410 e-flex e-con-boxed e-con e-parent\" data-id=\"5a90410\" data-element_type=\"container\" data-e-type=\"container\">\n\t\t\t\t\t<div class=\"e-con-inner\">\n\t\t<div class=\"elementor-element elementor-element-91566cf e-con-full e-flex e-con e-child\" data-id=\"91566cf\" data-element_type=\"container\" data-e-type=\"container\">\n\t\t\t\t<div class=\"elementor-element elementor-element-7afe972 elementor-position-top elementor-widget elementor-widget-image-box\" data-id=\"7afe972\" data-element_type=\"widget\" data-e-type=\"widget\" data-widget_type=\"image-box.default\">\n\t\t\t\t<div class=\"elementor-widget-container\">\n\t\t\t\t\t<div class=\"elementor-image-box-wrapper\"><figure class=\"elementor-image-box-img\"><a href=\"https:\/\/locations-06.fr\/de\/les-oliviers\/\" tabindex=\"-1\"><img decoding=\"async\" src=\"https:\/\/locations-06.fr\/wp-content\/uploads\/elementor\/thumbs\/DSC06337-gite-de-france-cote-d-azur-appartement-cannes-nice-piscine-accueil1-qwwbih06k9q3kns1kdh2zzo5a1jgfeu3kv28xww4pc.jpg\" title=\"gite de france cote d azur appartement cannes nice piscine accueil\" alt=\"gite de france cote d azur appartement cannes nice piscine accueil\" loading=\"lazy\" \/><\/a><\/figure><div class=\"elementor-image-box-content\"><h3 class=\"elementor-image-box-title\"><a href=\"https:\/\/locations-06.fr\/de\/les-oliviers\/\">Les Oliviers<\/a><\/h3><\/div><\/div>\t\t\t\t<\/div>\n\t\t\t\t<\/div>\n\t\t\t\t<\/div>\n\t\t<div class=\"elementor-element elementor-element-65232be e-con-full e-flex e-con e-child\" data-id=\"65232be\" data-element_type=\"container\" data-e-type=\"container\">\n\t\t\t\t<div class=\"elementor-element elementor-element-7d39ec9 elementor-position-top elementor-widget elementor-widget-image-box\" data-id=\"7d39ec9\" data-element_type=\"widget\" data-e-type=\"widget\" data-widget_type=\"image-box.default\">\n\t\t\t\t<div class=\"elementor-widget-container\">\n\t\t\t\t\t<div class=\"elementor-image-box-wrapper\"><figure class=\"elementor-image-box-img\"><a href=\"https:\/\/locations-06.fr\/de\/la-pascaline\/\" tabindex=\"-1\"><img decoding=\"async\" src=\"https:\/\/locations-06.fr\/wp-content\/uploads\/elementor\/thumbs\/Drone-Appartement-A-1-location-gite-de-france-appartement-cote-azur-cannes-accueil-1-qwwbih06k9q3kns1kdh2zzo5a1jgfeu3kv28xww4pc.jpg\" title=\"location gite de france appartement cote azur cannes accueil\" alt=\"location gite de france appartement cote azur cannes accueil\" loading=\"lazy\" \/><\/a><\/figure><div class=\"elementor-image-box-content\"><h3 class=\"elementor-image-box-title\"><a href=\"https:\/\/locations-06.fr\/de\/la-pascaline\/\">La Pascaline<\/a><\/h3><\/div><\/div>\t\t\t\t<\/div>\n\t\t\t\t<\/div>\n\t\t\t\t<\/div>\n\t\t<div class=\"elementor-element elementor-element-1e79a94 e-con-full e-flex e-con e-child\" data-id=\"1e79a94\" data-element_type=\"container\" data-e-type=\"container\">\n\t\t\t\t<div class=\"elementor-element elementor-element-cea59a5 elementor-position-top elementor-widget elementor-widget-image-box\" data-id=\"cea59a5\" data-element_type=\"widget\" data-e-type=\"widget\" data-widget_type=\"image-box.default\">\n\t\t\t\t<div class=\"elementor-widget-container\">\n\t\t\t\t\t<div class=\"elementor-image-box-wrapper\"><figure class=\"elementor-image-box-img\"><a href=\"https:\/\/locations-06.fr\/de\/la-maison-de-noelie-erdgeschoss\/\" tabindex=\"-1\"><img decoding=\"async\" src=\"https:\/\/locations-06.fr\/wp-content\/uploads\/elementor\/thumbs\/081a0657-appartement-gite-de-france-cote-d-azur-cannes-nice-antibes-06-accueil-qwwbibd5f9idn008hb1bl13dpqb9587pk35c294hqo.jpg\" title=\"La Maison de No\u00e9lie\" alt=\"La Maison de No\u00e9lie\" loading=\"lazy\" \/><\/a><\/figure><div class=\"elementor-image-box-content\"><h3 class=\"elementor-image-box-title\"><a href=\"https:\/\/locations-06.fr\/de\/la-maison-de-noelie-erdgeschoss\/\">La Maison de No\u00e9lie<\/br>Erdgeschoss<\/a><\/h3><\/div><\/div>\t\t\t\t<\/div>\n\t\t\t\t<\/div>\n\t\t\t\t<\/div>\n\t\t<div class=\"elementor-element elementor-element-cfdc1a4 e-con-full e-flex e-con e-child\" data-id=\"cfdc1a4\" data-element_type=\"container\" data-e-type=\"container\">\n\t\t\t\t<div class=\"elementor-element elementor-element-960cd28 elementor-position-top elementor-widget elementor-widget-image-box\" data-id=\"960cd28\" data-element_type=\"widget\" data-e-type=\"widget\" data-widget_type=\"image-box.default\">\n\t\t\t\t<div class=\"elementor-widget-container\">\n\t\t\t\t\t<div class=\"elementor-image-box-wrapper\"><figure class=\"elementor-image-box-img\"><a href=\"https:\/\/locations-06.fr\/de\/la-maison-de-noelie-1-stock\/\" tabindex=\"-1\"><img decoding=\"async\" src=\"https:\/\/locations-06.fr\/wp-content\/uploads\/elementor\/thumbs\/081a0657-appartement-gite-de-france-cote-d-azur-cannes-nice-antibes-06-accueil-qwwbibd5f9idn008hb1bl13dpqb9587pk35c294hqo.jpg\" title=\"La Maison de No\u00e9lie\" alt=\"La Maison de No\u00e9lie\" loading=\"lazy\" \/><\/a><\/figure><div class=\"elementor-image-box-content\"><h3 class=\"elementor-image-box-title\"><a href=\"https:\/\/locations-06.fr\/de\/la-maison-de-noelie-1-stock\/\">La Maison de No\u00e9lie <\/br>1<sup>.<\/sup> Stock<\/a><\/h3><\/div><\/div>\t\t\t\t<\/div>\n\t\t\t\t<\/div>\n\t\t\t\t<\/div>\n\t\t<div class=\"elementor-element elementor-element-e1f6293 e-con-full e-flex e-con e-child\" data-id=\"e1f6293\" data-element_type=\"container\" data-e-type=\"container\">\n\t\t\t\t<div class=\"elementor-element elementor-element-0c2a23f elementor-position-top elementor-widget elementor-widget-image-box\" data-id=\"0c2a23f\" data-element_type=\"widget\" data-e-type=\"widget\" data-widget_type=\"image-box.default\">\n\t\t\t\t<div class=\"elementor-widget-container\">\n\t\t\t\t\t<div class=\"elementor-image-box-wrapper\"><figure class=\"elementor-image-box-img\"><a href=\"https:\/\/locations-06.fr\/de\/leugenie\/\" tabindex=\"-1\"><img decoding=\"async\" src=\"https:\/\/locations-06.fr\/wp-content\/uploads\/elementor\/thumbs\/20-drone-4-louer-gite-vacances-cote-d-azur-jardin-cannes-nice-cote-d-azur-06-appartement-meuble-sophia-antipolis-opio-direct-particulier-accueil-qwwbibd5f9idn008hb1bl13dpqb9587pk35c294hqo.jpg\" title=\"L&#8217;Eug\u00e9nie\" alt=\"L&#039;Eug\u00e9nie\" loading=\"lazy\" \/><\/a><\/figure><div class=\"elementor-image-box-content\"><h3 class=\"elementor-image-box-title\"><a href=\"https:\/\/locations-06.fr\/de\/leugenie\/\">L'Eug\u00e9nie<\/a><\/h3><\/div><\/div>\t\t\t\t<\/div>\n\t\t\t\t<\/div>\n\t\t\t\t<\/div>\n\t\t<div class=\"elementor-element elementor-element-8413e2f e-con-full e-flex e-con e-child\" data-id=\"8413e2f\" data-element_type=\"container\" data-e-type=\"container\">\n\t\t\t\t<div class=\"elementor-element elementor-element-74606f4 elementor-position-top elementor-widget elementor-widget-image-box\" data-id=\"74606f4\" data-element_type=\"widget\" data-e-type=\"widget\" data-widget_type=\"image-box.default\">\n\t\t\t\t<div class=\"elementor-widget-container\">\n\t\t\t\t\t<div class=\"elementor-image-box-wrapper\"><figure class=\"elementor-image-box-img\"><a href=\"https:\/\/locations-06.fr\/de\/la-maison-du-paysan\/\" tabindex=\"-1\"><img decoding=\"async\" src=\"https:\/\/locations-06.fr\/wp-content\/uploads\/20221231_134709-gites-maisons-villas-locations-louer-vacances-cote-d-azur-cannes-antibes-grasse-accueil.jpg\" title=\"\" alt=\"La maison du paysan\" loading=\"lazy\" \/><\/a><\/figure><div class=\"elementor-image-box-content\"><h3 class=\"elementor-image-box-title\"><a href=\"https:\/\/locations-06.fr\/de\/la-maison-du-paysan\/\">La Maison du Paysan<\/a><\/h3><\/div><\/div>\t\t\t\t<\/div>\n\t\t\t\t<\/div>\n\t\t\t\t<\/div>\n\t\t\t\t\t<\/div>\n\t\t\t\t<\/div>\n\t\t<div class=\"elementor-element elementor-element-1625e0d e-flex e-con-boxed e-con e-parent\" data-id=\"1625e0d\" data-element_type=\"container\" data-e-type=\"container\">\n\t\t\t\t\t<div class=\"e-con-inner\">\n\t\t\t\t<div class=\"elementor-element elementor-element-32395b5 elementor-widget elementor-widget-spacer\" data-id=\"32395b5\" data-element_type=\"widget\" data-e-type=\"widget\" data-widget_type=\"spacer.default\">\n\t\t\t\t<div class=\"elementor-widget-container\">\n\t\t\t\t\t\t\t<div class=\"elementor-spacer\">\n\t\t\t<div class=\"elementor-spacer-inner\"><\/div>\n\t\t<\/div>\n\t\t\t\t\t\t<\/div>\n\t\t\t\t<\/div>\n\t\t\t\t\t<\/div>\n\t\t\t\t<\/div>\n\t\t\t\t<\/div>\n\t\t","protected":false},"excerpt":{"rendered":"<p>Wenn die Natur \u00fcber Cannes hereinbricht Cannes und Natur 30 Minuten von unseren Ferienwohnungen in der N\u00e4he von Cannes, locations-06 in Bar sur Loup entfernt, kommt die Natur auch in die Stadt. Auch am Meer machen die B\u00e4ume Urlaub Teilen Sie diesen Artikel in sozialen Netzwerken Facebook Instagram Twitter Entdecken Sie unsere Lodges und Villen [&hellip;]<\/p>\n","protected":false},"author":2,"featured_media":9683,"comment_status":"closed","ping_status":"closed","sticky":false,"template":"","format":"standard","meta":{"site-sidebar-layout":"default","site-content-layout":"","ast-site-content-layout":"default","site-content-style":"default","site-sidebar-style":"default","ast-global-header-display":"","ast-banner-title-visibility":"","ast-main-header-display":"","ast-hfb-above-header-display":"","ast-hfb-below-header-display":"","ast-hfb-mobile-header-display":"","site-post-title":"","ast-breadcrumbs-content":"","ast-featured-img":"disabled","footer-sml-layout":"","ast-disable-related-posts":"","theme-transparent-header-meta":"","adv-header-id-meta":"","stick-header-meta":"","header-above-stick-meta":"","header-main-stick-meta":"","header-below-stick-meta":"","astra-migrate-meta-layouts":"default","ast-page-background-enabled":"default","ast-page-background-meta":{"desktop":{"background-color":"var(--ast-global-color-4)","background-image":"","background-repeat":"repeat","background-position":"center center","background-size":"auto","background-attachment":"scroll","background-type":"","background-media":"","overlay-type":"","overlay-color":"","overlay-opacity":"","overlay-gradient":""},"tablet":{"background-color":"","background-image":"","background-repeat":"repeat","background-position":"center center","background-size":"auto","background-attachment":"scroll","background-type":"","background-media":"","overlay-type":"","overlay-color":"","overlay-opacity":"","overlay-gradient":""},"mobile":{"background-color":"","background-image":"","background-repeat":"repeat","background-position":"center center","background-size":"auto","background-attachment":"scroll","background-type":"","background-media":"","overlay-type":"","overlay-color":"","overlay-opacity":"","overlay-gradient":""}},"ast-content-background-meta":{"desktop":{"background-color":"var(--ast-global-color-5)","background-image":"","background-repeat":"repeat","background-position":"center center","background-size":"auto","background-attachment":"scroll","background-type":"","background-media":"","overlay-type":"","overlay-color":"","overlay-opacity":"","overlay-gradient":""},"tablet":{"background-color":"var(--ast-global-color-5)","background-image":"","background-repeat":"repeat","background-position":"center center","background-size":"auto","background-attachment":"scroll","background-type":"","background-media":"","overlay-type":"","overlay-color":"","overlay-opacity":"","overlay-gradient":""},"mobile":{"background-color":"var(--ast-global-color-5)","background-image":"","background-repeat":"repeat","background-position":"center center","background-size":"auto","background-attachment":"scroll","background-type":"","background-media":"","overlay-type":"","overlay-color":"","overlay-opacity":"","overlay-gradient":""}},"footnotes":""},"categories":[298],"tags":[55,316,348,320],"class_list":["post-14834","post","type-post","status-publish","format-standard","has-post-thumbnail","hentry","category-blog-de","tag-cannes","tag-ferienhausvermietung-cote-dazur","tag-natur","tag-vermietung-von-ferienhausern"],"yoast_head":"<!-- This site is optimized with the Yoast SEO plugin v27.5 - https:\/\/yoast.com\/product\/yoast-seo-wordpress\/ -->\n<title>Wenn die Natur in Cannes 30 Minuten von unseren Ferienh\u00e4usern entfernt ist<\/title>\n<meta name=\"description\" content=\"Wenn die Natur 30 Minuten von unseren Ferienh\u00e4usern Rentals-06.fr in Bar sur Loup entfernt \u00fcber Cannes hereinbricht, greift die Natur auch \u00fcber die Stadt herab\" \/>\n<meta name=\"robots\" content=\"index, follow, max-snippet:-1, max-image-preview:large, max-video-preview:-1\" \/>\n<link rel=\"canonical\" href=\"https:\/\/locations-06.fr\/de\/wenn-die-natur-ueber-cannes-hereinbricht\/\" \/>\n<meta property=\"og:locale\" content=\"de_DE\" \/>\n<meta property=\"og:type\" content=\"article\" \/>\n<meta property=\"og:title\" content=\"Wenn die Natur in Cannes 30 Minuten von unseren Ferienh\u00e4usern entfernt ist\" \/>\n<meta property=\"og:description\" content=\"Wenn die Natur 30 Minuten von unseren Ferienh\u00e4usern Rentals-06.fr in Bar sur Loup entfernt \u00fcber Cannes hereinbricht, greift die Natur auch \u00fcber die Stadt herab\" \/>\n<meta property=\"og:url\" content=\"https:\/\/locations-06.fr\/de\/wenn-die-natur-ueber-cannes-hereinbricht\/\" \/>\n<meta property=\"og:site_name\" content=\"Locations-06.fr\" \/>\n<meta property=\"article:publisher\" content=\"https:\/\/www.facebook.com\/pascalecodera0632755107\" \/>\n<meta property=\"article:published_time\" content=\"2021-11-20T12:45:00+00:00\" \/>\n<meta property=\"article:modified_time\" content=\"2024-12-23T18:32:07+00:00\" \/>\n<meta property=\"og:image\" content=\"https:\/\/locations-06.fr\/wp-content\/uploads\/arbres-nature-cannes-vacances-hiver-cote-d-azur-02.png\" \/>\n\t<meta property=\"og:image:width\" content=\"800\" \/>\n\t<meta property=\"og:image:height\" content=\"601\" \/>\n\t<meta property=\"og:image:type\" content=\"image\/png\" \/>\n<meta name=\"author\" content=\"Thierry Codera\" \/>\n<meta name=\"twitter:card\" content=\"summary_large_image\" \/>\n<meta name=\"twitter:creator\" content=\"@locations06\" \/>\n<meta name=\"twitter:site\" content=\"@locations06\" \/>\n<meta name=\"twitter:label1\" content=\"Verfasst von\" \/>\n\t<meta name=\"twitter:data1\" content=\"Thierry Codera\" \/>\n\t<meta name=\"twitter:label2\" content=\"Gesch\u00e4tzte Lesezeit\" \/>\n\t<meta name=\"twitter:data2\" content=\"3\u00a0Minuten\" \/>\n<script type=\"application\/ld+json\" class=\"yoast-schema-graph\">{\"@context\":\"https:\\\/\\\/schema.org\",\"@graph\":[{\"@type\":\"Article\",\"@id\":\"https:\\\/\\\/locations-06.fr\\\/de\\\/wenn-die-natur-ueber-cannes-hereinbricht\\\/#article\",\"isPartOf\":{\"@id\":\"https:\\\/\\\/locations-06.fr\\\/de\\\/wenn-die-natur-ueber-cannes-hereinbricht\\\/\"},\"author\":{\"name\":\"Thierry Codera\",\"@id\":\"https:\\\/\\\/locations-06.fr\\\/de\\\/#\\\/schema\\\/person\\\/7e0fabdc0e63c5bfcb8cf85597914c75\"},\"headline\":\"Wenn die Natur \u00fcber Cannes hereinbricht\",\"datePublished\":\"2021-11-20T12:45:00+00:00\",\"dateModified\":\"2024-12-23T18:32:07+00:00\",\"mainEntityOfPage\":{\"@id\":\"https:\\\/\\\/locations-06.fr\\\/de\\\/wenn-die-natur-ueber-cannes-hereinbricht\\\/\"},\"wordCount\":94,\"publisher\":{\"@id\":\"https:\\\/\\\/locations-06.fr\\\/de\\\/#organization\"},\"image\":{\"@id\":\"https:\\\/\\\/locations-06.fr\\\/de\\\/wenn-die-natur-ueber-cannes-hereinbricht\\\/#primaryimage\"},\"thumbnailUrl\":\"https:\\\/\\\/locations-06.fr\\\/wp-content\\\/uploads\\\/arbres-nature-cannes-vacances-hiver-cote-d-azur-02.png\",\"keywords\":[\"Cannes\",\"Ferienhausvermietung C\u00f4te d&#039;Azur\",\"Natur\",\"Vermietung von Ferienh\u00e4usern\"],\"articleSection\":[\"Blog\"],\"inLanguage\":\"de\"},{\"@type\":\"WebPage\",\"@id\":\"https:\\\/\\\/locations-06.fr\\\/de\\\/wenn-die-natur-ueber-cannes-hereinbricht\\\/\",\"url\":\"https:\\\/\\\/locations-06.fr\\\/de\\\/wenn-die-natur-ueber-cannes-hereinbricht\\\/\",\"name\":\"Wenn die Natur in Cannes 30 Minuten von unseren Ferienh\u00e4usern entfernt ist\",\"isPartOf\":{\"@id\":\"https:\\\/\\\/locations-06.fr\\\/de\\\/#website\"},\"primaryImageOfPage\":{\"@id\":\"https:\\\/\\\/locations-06.fr\\\/de\\\/wenn-die-natur-ueber-cannes-hereinbricht\\\/#primaryimage\"},\"image\":{\"@id\":\"https:\\\/\\\/locations-06.fr\\\/de\\\/wenn-die-natur-ueber-cannes-hereinbricht\\\/#primaryimage\"},\"thumbnailUrl\":\"https:\\\/\\\/locations-06.fr\\\/wp-content\\\/uploads\\\/arbres-nature-cannes-vacances-hiver-cote-d-azur-02.png\",\"datePublished\":\"2021-11-20T12:45:00+00:00\",\"dateModified\":\"2024-12-23T18:32:07+00:00\",\"description\":\"Wenn die Natur 30 Minuten von unseren Ferienh\u00e4usern Rentals-06.fr in Bar sur Loup entfernt \u00fcber Cannes hereinbricht, greift die Natur auch \u00fcber die Stadt herab\",\"breadcrumb\":{\"@id\":\"https:\\\/\\\/locations-06.fr\\\/de\\\/wenn-die-natur-ueber-cannes-hereinbricht\\\/#breadcrumb\"},\"inLanguage\":\"de\",\"potentialAction\":[{\"@type\":\"ReadAction\",\"target\":[\"https:\\\/\\\/locations-06.fr\\\/de\\\/wenn-die-natur-ueber-cannes-hereinbricht\\\/\"]}]},{\"@type\":\"ImageObject\",\"inLanguage\":\"de\",\"@id\":\"https:\\\/\\\/locations-06.fr\\\/de\\\/wenn-die-natur-ueber-cannes-hereinbricht\\\/#primaryimage\",\"url\":\"https:\\\/\\\/locations-06.fr\\\/wp-content\\\/uploads\\\/arbres-nature-cannes-vacances-hiver-cote-d-azur-02.png\",\"contentUrl\":\"https:\\\/\\\/locations-06.fr\\\/wp-content\\\/uploads\\\/arbres-nature-cannes-vacances-hiver-cote-d-azur-02.png\",\"width\":800,\"height\":601},{\"@type\":\"BreadcrumbList\",\"@id\":\"https:\\\/\\\/locations-06.fr\\\/de\\\/wenn-die-natur-ueber-cannes-hereinbricht\\\/#breadcrumb\",\"itemListElement\":[{\"@type\":\"ListItem\",\"position\":1,\"name\":\"Accueil\",\"item\":\"https:\\\/\\\/locations-06.fr\\\/de\\\/\"},{\"@type\":\"ListItem\",\"position\":2,\"name\":\"Wenn die Natur \u00fcber Cannes hereinbricht\"}]},{\"@type\":\"WebSite\",\"@id\":\"https:\\\/\\\/locations-06.fr\\\/de\\\/#website\",\"url\":\"https:\\\/\\\/locations-06.fr\\\/de\\\/\",\"name\":\"Locations-06.fr\",\"description\":\"Locations Gites en France sur la C\u00f4te d&#039;Azur - Appartements et Villas - gite, location de vacances et pas cher\",\"publisher\":{\"@id\":\"https:\\\/\\\/locations-06.fr\\\/de\\\/#organization\"},\"alternateName\":\"Locations-06.fr\",\"potentialAction\":[{\"@type\":\"SearchAction\",\"target\":{\"@type\":\"EntryPoint\",\"urlTemplate\":\"https:\\\/\\\/locations-06.fr\\\/de\\\/?s={search_term_string}\"},\"query-input\":{\"@type\":\"PropertyValueSpecification\",\"valueRequired\":true,\"valueName\":\"search_term_string\"}}],\"inLanguage\":\"de\"},{\"@type\":\"Organization\",\"@id\":\"https:\\\/\\\/locations-06.fr\\\/de\\\/#organization\",\"name\":\"Locations-06.fr\",\"alternateName\":\"Locations-06.fr\",\"url\":\"https:\\\/\\\/locations-06.fr\\\/de\\\/\",\"logo\":{\"@type\":\"ImageObject\",\"inLanguage\":\"de\",\"@id\":\"https:\\\/\\\/locations-06.fr\\\/de\\\/#\\\/schema\\\/logo\\\/image\\\/\",\"url\":\"https:\\\/\\\/locations-06.fr\\\/wp-content\\\/uploads\\\/location-06-logo.png\",\"contentUrl\":\"https:\\\/\\\/locations-06.fr\\\/wp-content\\\/uploads\\\/location-06-logo.png\",\"width\":180,\"height\":105,\"caption\":\"Locations-06.fr\"},\"image\":{\"@id\":\"https:\\\/\\\/locations-06.fr\\\/de\\\/#\\\/schema\\\/logo\\\/image\\\/\"},\"sameAs\":[\"https:\\\/\\\/www.facebook.com\\\/pascalecodera0632755107\",\"https:\\\/\\\/x.com\\\/locations06\",\"https:\\\/\\\/www.instagram.com\\\/locations_06\\\/?hl=fr\"]},{\"@type\":\"Person\",\"@id\":\"https:\\\/\\\/locations-06.fr\\\/de\\\/#\\\/schema\\\/person\\\/7e0fabdc0e63c5bfcb8cf85597914c75\",\"name\":\"Thierry Codera\",\"image\":{\"@type\":\"ImageObject\",\"inLanguage\":\"de\",\"@id\":\"https:\\\/\\\/secure.gravatar.com\\\/avatar\\\/daabd1b4f921477ba5abc09f158c7680c384e4a86a936c55626ece37423effb6?s=96&d=mm&r=g\",\"url\":\"https:\\\/\\\/secure.gravatar.com\\\/avatar\\\/daabd1b4f921477ba5abc09f158c7680c384e4a86a936c55626ece37423effb6?s=96&d=mm&r=g\",\"contentUrl\":\"https:\\\/\\\/secure.gravatar.com\\\/avatar\\\/daabd1b4f921477ba5abc09f158c7680c384e4a86a936c55626ece37423effb6?s=96&d=mm&r=g\",\"caption\":\"Thierry Codera\"},\"sameAs\":[\"https:\\\/\\\/locations-06.fr\"],\"url\":\"https:\\\/\\\/locations-06.fr\\\/de\\\/author\\\/thierry-codera\\\/\"}]}<\/script>\n<!-- \/ Yoast SEO plugin. -->","yoast_head_json":{"title":"Wenn die Natur in Cannes 30 Minuten von unseren Ferienh\u00e4usern entfernt ist","description":"Wenn die Natur 30 Minuten von unseren Ferienh\u00e4usern Rentals-06.fr in Bar sur Loup entfernt \u00fcber Cannes hereinbricht, greift die Natur auch \u00fcber die Stadt herab","robots":{"index":"index","follow":"follow","max-snippet":"max-snippet:-1","max-image-preview":"max-image-preview:large","max-video-preview":"max-video-preview:-1"},"canonical":"https:\/\/locations-06.fr\/de\/wenn-die-natur-ueber-cannes-hereinbricht\/","og_locale":"de_DE","og_type":"article","og_title":"Wenn die Natur in Cannes 30 Minuten von unseren Ferienh\u00e4usern entfernt ist","og_description":"Wenn die Natur 30 Minuten von unseren Ferienh\u00e4usern Rentals-06.fr in Bar sur Loup entfernt \u00fcber Cannes hereinbricht, greift die Natur auch \u00fcber die Stadt herab","og_url":"https:\/\/locations-06.fr\/de\/wenn-die-natur-ueber-cannes-hereinbricht\/","og_site_name":"Locations-06.fr","article_publisher":"https:\/\/www.facebook.com\/pascalecodera0632755107","article_published_time":"2021-11-20T12:45:00+00:00","article_modified_time":"2024-12-23T18:32:07+00:00","og_image":[{"width":800,"height":601,"url":"https:\/\/locations-06.fr\/wp-content\/uploads\/arbres-nature-cannes-vacances-hiver-cote-d-azur-02.png","type":"image\/png"}],"author":"Thierry Codera","twitter_card":"summary_large_image","twitter_creator":"@locations06","twitter_site":"@locations06","twitter_misc":{"Verfasst von":"Thierry Codera","Gesch\u00e4tzte Lesezeit":"3\u00a0Minuten"},"schema":{"@context":"https:\/\/schema.org","@graph":[{"@type":"Article","@id":"https:\/\/locations-06.fr\/de\/wenn-die-natur-ueber-cannes-hereinbricht\/#article","isPartOf":{"@id":"https:\/\/locations-06.fr\/de\/wenn-die-natur-ueber-cannes-hereinbricht\/"},"author":{"name":"Thierry Codera","@id":"https:\/\/locations-06.fr\/de\/#\/schema\/person\/7e0fabdc0e63c5bfcb8cf85597914c75"},"headline":"Wenn die Natur \u00fcber Cannes hereinbricht","datePublished":"2021-11-20T12:45:00+00:00","dateModified":"2024-12-23T18:32:07+00:00","mainEntityOfPage":{"@id":"https:\/\/locations-06.fr\/de\/wenn-die-natur-ueber-cannes-hereinbricht\/"},"wordCount":94,"publisher":{"@id":"https:\/\/locations-06.fr\/de\/#organization"},"image":{"@id":"https:\/\/locations-06.fr\/de\/wenn-die-natur-ueber-cannes-hereinbricht\/#primaryimage"},"thumbnailUrl":"https:\/\/locations-06.fr\/wp-content\/uploads\/arbres-nature-cannes-vacances-hiver-cote-d-azur-02.png","keywords":["Cannes","Ferienhausvermietung C\u00f4te d&#039;Azur","Natur","Vermietung von Ferienh\u00e4usern"],"articleSection":["Blog"],"inLanguage":"de"},{"@type":"WebPage","@id":"https:\/\/locations-06.fr\/de\/wenn-die-natur-ueber-cannes-hereinbricht\/","url":"https:\/\/locations-06.fr\/de\/wenn-die-natur-ueber-cannes-hereinbricht\/","name":"Wenn die Natur in Cannes 30 Minuten von unseren Ferienh\u00e4usern entfernt ist","isPartOf":{"@id":"https:\/\/locations-06.fr\/de\/#website"},"primaryImageOfPage":{"@id":"https:\/\/locations-06.fr\/de\/wenn-die-natur-ueber-cannes-hereinbricht\/#primaryimage"},"image":{"@id":"https:\/\/locations-06.fr\/de\/wenn-die-natur-ueber-cannes-hereinbricht\/#primaryimage"},"thumbnailUrl":"https:\/\/locations-06.fr\/wp-content\/uploads\/arbres-nature-cannes-vacances-hiver-cote-d-azur-02.png","datePublished":"2021-11-20T12:45:00+00:00","dateModified":"2024-12-23T18:32:07+00:00","description":"Wenn die Natur 30 Minuten von unseren Ferienh\u00e4usern Rentals-06.fr in Bar sur Loup entfernt \u00fcber Cannes hereinbricht, greift die Natur auch \u00fcber die Stadt herab","breadcrumb":{"@id":"https:\/\/locations-06.fr\/de\/wenn-die-natur-ueber-cannes-hereinbricht\/#breadcrumb"},"inLanguage":"de","potentialAction":[{"@type":"ReadAction","target":["https:\/\/locations-06.fr\/de\/wenn-die-natur-ueber-cannes-hereinbricht\/"]}]},{"@type":"ImageObject","inLanguage":"de","@id":"https:\/\/locations-06.fr\/de\/wenn-die-natur-ueber-cannes-hereinbricht\/#primaryimage","url":"https:\/\/locations-06.fr\/wp-content\/uploads\/arbres-nature-cannes-vacances-hiver-cote-d-azur-02.png","contentUrl":"https:\/\/locations-06.fr\/wp-content\/uploads\/arbres-nature-cannes-vacances-hiver-cote-d-azur-02.png","width":800,"height":601},{"@type":"BreadcrumbList","@id":"https:\/\/locations-06.fr\/de\/wenn-die-natur-ueber-cannes-hereinbricht\/#breadcrumb","itemListElement":[{"@type":"ListItem","position":1,"name":"Accueil","item":"https:\/\/locations-06.fr\/de\/"},{"@type":"ListItem","position":2,"name":"Wenn die Natur \u00fcber Cannes hereinbricht"}]},{"@type":"WebSite","@id":"https:\/\/locations-06.fr\/de\/#website","url":"https:\/\/locations-06.fr\/de\/","name":"Locations-06.fr","description":"Locations Gites en France sur la C\u00f4te d&#039;Azur - Appartements et Villas - gite, location de vacances et pas cher","publisher":{"@id":"https:\/\/locations-06.fr\/de\/#organization"},"alternateName":"Locations-06.fr","potentialAction":[{"@type":"SearchAction","target":{"@type":"EntryPoint","urlTemplate":"https:\/\/locations-06.fr\/de\/?s={search_term_string}"},"query-input":{"@type":"PropertyValueSpecification","valueRequired":true,"valueName":"search_term_string"}}],"inLanguage":"de"},{"@type":"Organization","@id":"https:\/\/locations-06.fr\/de\/#organization","name":"Locations-06.fr","alternateName":"Locations-06.fr","url":"https:\/\/locations-06.fr\/de\/","logo":{"@type":"ImageObject","inLanguage":"de","@id":"https:\/\/locations-06.fr\/de\/#\/schema\/logo\/image\/","url":"https:\/\/locations-06.fr\/wp-content\/uploads\/location-06-logo.png","contentUrl":"https:\/\/locations-06.fr\/wp-content\/uploads\/location-06-logo.png","width":180,"height":105,"caption":"Locations-06.fr"},"image":{"@id":"https:\/\/locations-06.fr\/de\/#\/schema\/logo\/image\/"},"sameAs":["https:\/\/www.facebook.com\/pascalecodera0632755107","https:\/\/x.com\/locations06","https:\/\/www.instagram.com\/locations_06\/?hl=fr"]},{"@type":"Person","@id":"https:\/\/locations-06.fr\/de\/#\/schema\/person\/7e0fabdc0e63c5bfcb8cf85597914c75","name":"Thierry Codera","image":{"@type":"ImageObject","inLanguage":"de","@id":"https:\/\/secure.gravatar.com\/avatar\/daabd1b4f921477ba5abc09f158c7680c384e4a86a936c55626ece37423effb6?s=96&d=mm&r=g","url":"https:\/\/secure.gravatar.com\/avatar\/daabd1b4f921477ba5abc09f158c7680c384e4a86a936c55626ece37423effb6?s=96&d=mm&r=g","contentUrl":"https:\/\/secure.gravatar.com\/avatar\/daabd1b4f921477ba5abc09f158c7680c384e4a86a936c55626ece37423effb6?s=96&d=mm&r=g","caption":"Thierry Codera"},"sameAs":["https:\/\/locations-06.fr"],"url":"https:\/\/locations-06.fr\/de\/author\/thierry-codera\/"}]}},"_links":{"self":[{"href":"https:\/\/locations-06.fr\/de\/wp-json\/wp\/v2\/posts\/14834","targetHints":{"allow":["GET"]}}],"collection":[{"href":"https:\/\/locations-06.fr\/de\/wp-json\/wp\/v2\/posts"}],"about":[{"href":"https:\/\/locations-06.fr\/de\/wp-json\/wp\/v2\/types\/post"}],"author":[{"embeddable":true,"href":"https:\/\/locations-06.fr\/de\/wp-json\/wp\/v2\/users\/2"}],"replies":[{"embeddable":true,"href":"https:\/\/locations-06.fr\/de\/wp-json\/wp\/v2\/comments?post=14834"}],"version-history":[{"count":2,"href":"https:\/\/locations-06.fr\/de\/wp-json\/wp\/v2\/posts\/14834\/revisions"}],"predecessor-version":[{"id":17587,"href":"https:\/\/locations-06.fr\/de\/wp-json\/wp\/v2\/posts\/14834\/revisions\/17587"}],"wp:featuredmedia":[{"embeddable":true,"href":"https:\/\/locations-06.fr\/de\/wp-json\/wp\/v2\/media\/9683"}],"wp:attachment":[{"href":"https:\/\/locations-06.fr\/de\/wp-json\/wp\/v2\/media?parent=14834"}],"wp:term":[{"taxonomy":"category","embeddable":true,"href":"https:\/\/locations-06.fr\/de\/wp-json\/wp\/v2\/categories?post=14834"},{"taxonomy":"post_tag","embeddable":true,"href":"https:\/\/locations-06.fr\/de\/wp-json\/wp\/v2\/tags?post=14834"}],"curies":[{"name":"wp","href":"https:\/\/api.w.org\/{rel}","templated":true}]}}